{"id":110,"date":"2025-06-11T16:30:44","date_gmt":"2025-06-11T13:30:44","guid":{"rendered":"https:\/\/www.orhanucal.com\/fr\/?p=110"},"modified":"2025-06-26T15:10:51","modified_gmt":"2025-06-26T12:10:51","slug":"op-dr-ucal-lage-peut-etre-un-facteur-important-dans-la-rhinoplastie","status":"publish","type":"post","link":"https:\/\/www.orhanucal.com\/fr\/op-dr-ucal-lage-peut-etre-un-facteur-important-dans-la-rhinoplastie\/","title":{"rendered":"Op. Dr U\u00e7al : \u00ab L&rsquo;\u00e2ge peut \u00eatre un facteur important dans la rhinoplastie \u00bb"},"content":{"rendered":"<p>ISTANBUL, (DHA) &#8211; Le Sp\u00e9cialiste en Chirurgie Oto-Rhino-Laryngologique et Cervico-Faciale Op. Dr. Yusuf Orhan U\u00e7al, qui affirme que les r\u00e9sultats de la rhinoplastie, c&rsquo;est-\u00e0-dire la chirurgie esth\u00e9tique du nez, ont un effet qui dure toute la vie, a d\u00e9clar\u00e9 que de nombreux jeunes patients souhaitent subir une chirurgie de rhinoplastie pour remodeler ou redimensionner leur nez et qu&rsquo;il pourrait \u00eatre b\u00e9n\u00e9fique pour ceux de moins de 20 ans d&rsquo;apprendre tous les d\u00e9tails avant la chirurgie.<\/p>\n<div id=\"ez-toc-container\" class=\"ez-toc-v2_0_82_2 counter-flat ez-toc-counter ez-toc-grey ez-toc-container-direction\">\n<div class=\"ez-toc-title-container\">\n<p class=\"ez-toc-title\" style=\"cursor:inherit\">\u0130\u00e7indekiler<\/p>\n<span class=\"ez-toc-title-toggle\"><a href=\"#\" class=\"ez-toc-pull-right ez-toc-btn ez-toc-btn-xs ez-toc-btn-default ez-toc-toggle\" aria-label=\"Toggle Table of Content\"><span class=\"ez-toc-js-icon-con\"><span class=\"\"><span class=\"eztoc-hide\" style=\"display:none;\">Toggle<\/span><span class=\"ez-toc-icon-toggle-span\"><svg style=\"fill: #999;color:#999\" xmlns=\"http:\/\/www.w3.org\/2000\/svg\" class=\"list-377408\" width=\"20px\" height=\"20px\" viewBox=\"0 0 24 24\" fill=\"none\"><path d=\"M6 6H4v2h2V6zm14 0H8v2h12V6zM4 11h2v2H4v-2zm16 0H8v2h12v-2zM4 16h2v2H4v-2zm16 0H8v2h12v-2z\" fill=\"currentColor\"><\/path><\/svg><svg style=\"fill: #999;color:#999\" class=\"arrow-unsorted-368013\" xmlns=\"http:\/\/www.w3.org\/2000\/svg\" width=\"10px\" height=\"10px\" viewBox=\"0 0 24 24\" version=\"1.2\" baseProfile=\"tiny\"><path d=\"M18.2 9.3l-6.2-6.3-6.2 6.3c-.2.2-.3.4-.3.7s.1.5.3.7c.2.2.4.3.7.3h11c.3 0 .5-.1.7-.3.2-.2.3-.5.3-.7s-.1-.5-.3-.7zM5.8 14.7l6.2 6.3 6.2-6.3c.2-.2.3-.5.3-.7s-.1-.5-.3-.7c-.2-.2-.4-.3-.7-.3h-11c-.3 0-.5.1-.7.3-.2.2-.3.5-.3.7s.1.5.3.7z\"\/><\/svg><\/span><\/span><\/span><\/a><\/span><\/div>\n<nav><ul class='ez-toc-list ez-toc-list-level-1 eztoc-toggle-hide-by-default' ><li class='ez-toc-page-1'><a class=\"ez-toc-link ez-toc-heading-1\" href=\"https:\/\/www.orhanucal.com\/fr\/op-dr-ucal-lage-peut-etre-un-facteur-important-dans-la-rhinoplastie\/#%C2%AB_Le_Nez_Complete_Generalement_son_Developpement_entre_16-17_Ans_%C2%BB\" >\u00ab\u00a0Le Nez Compl\u00e8te G\u00e9n\u00e9ralement son D\u00e9veloppement entre 16-17 Ans\u00a0\u00bb<\/a><\/li><li class='ez-toc-page-1'><a class=\"ez-toc-link ez-toc-heading-2\" href=\"https:\/\/www.orhanucal.com\/fr\/op-dr-ucal-lage-peut-etre-un-facteur-important-dans-la-rhinoplastie\/#%C2%AB_La_Chirurgie_Esthetique_du_Nez_Doit_Etre_Personnalisee_%C2%BB\" >\u00ab\u00a0La Chirurgie Esth\u00e9tique du Nez Doit \u00catre Personnalis\u00e9e\u00a0\u00bb<\/a><\/li><\/ul><\/nav><\/div>\n<h2><span class=\"ez-toc-section\" id=\"%C2%AB_Le_Nez_Complete_Generalement_son_Developpement_entre_16-17_Ans_%C2%BB\"><\/span>\u00ab\u00a0Le Nez Compl\u00e8te G\u00e9n\u00e9ralement son D\u00e9veloppement entre 16-17 Ans\u00a0\u00bb<span class=\"ez-toc-section-end\"><\/span><\/h2>\n<p>Op. Dr. Yusuf Orhan U\u00e7al a soulign\u00e9 qu&rsquo;il faut s&rsquo;assurer que le nez a termin\u00e9 sa croissance pour pouvoir y apporter des modifications. Expliquant qu&rsquo;un nez pas compl\u00e8tement mature peut grandir apr\u00e8s la chirurgie et causer des probl\u00e8mes, U\u00e7al a d\u00e9clar\u00e9 que g\u00e9n\u00e9ralement le nez termine son d\u00e9veloppement entre 16-17 ans, et qu&rsquo;apr\u00e8s cette p\u00e9riode on peut \u00eatre un candidat plus appropri\u00e9 pour la chirurgie de rhinoplastie.<\/p>\n<p>Soulignant que cette situation n&rsquo;est pas seulement li\u00e9e \u00e0 l&rsquo;\u00e2ge, Op. Dr. Yusuf Orhan U\u00e7al a mis l&rsquo;accent sur le fait que les jeunes veulent g\u00e9n\u00e9ralement subir une chirurgie esth\u00e9tique du nez parce qu&rsquo;on se moque de la forme de leur nez. Cependant, exprimant qu&rsquo;il serait faux de subir une chirurgie de rhinoplastie avec cette psychologie, U\u00e7al a d\u00e9clar\u00e9 que se moquer les uns des autres est tr\u00e8s r\u00e9pandu parmi les jeunes et que m\u00eame si une personne se fait refaire le nez, ses amis peuvent se moquer d&rsquo;une autre de ses caract\u00e9ristiques.<\/p>\n<h2><span class=\"ez-toc-section\" id=\"%C2%AB_La_Chirurgie_Esthetique_du_Nez_Doit_Etre_Personnalisee_%C2%BB\"><\/span>\u00ab\u00a0La Chirurgie Esth\u00e9tique du Nez Doit \u00catre Personnalis\u00e9e\u00a0\u00bb<span class=\"ez-toc-section-end\"><\/span><\/h2>\n<p>D\u00e9clarant que la vraie raison devrait \u00eatre le remodelage du nez et sa mise en harmonie avec le visage, Op. Dr. Yusuf Orhan U\u00e7al a dit : \u00ab\u00a0De cette fa\u00e7on, des r\u00e9sultats beaucoup plus r\u00e9ussis peuvent \u00eatre obtenus et la personne sera \u00e9galement heureuse. Avant de d\u00e9cider d&rsquo;une chirurgie de rhinoplastie, vous devez absolument vous informer et partager vos ant\u00e9c\u00e9dents m\u00e9dicaux avec votre m\u00e9decin. D&rsquo;autre part, il est \u00e9galement n\u00e9cessaire d&rsquo;\u00e9valuer vos caract\u00e9ristiques faciales et de d\u00e9terminer la forme de nez la plus naturelle possible.\u00a0\u00bb<\/p>\n<p>U\u00e7al a poursuivi : \u00ab\u00a0Les jeunes, g\u00e9n\u00e9ralement par manque d&rsquo;exp\u00e9rience, veulent souvent la forme de nez qu&rsquo;ils voient chez d&rsquo;autres personnes, souvent chez une c\u00e9l\u00e9brit\u00e9. Cependant, ce n&rsquo;est pas une approche correcte car le visage de chaque personne lui est propre et une forme de nez doit \u00eatre d\u00e9termin\u00e9e en cons\u00e9quence. Les jeunes de moins de 20 ans ne doivent pas avoir peur d&rsquo;attendre. Il sera plus b\u00e9n\u00e9fique pour les jeunes qui ne sont pas s\u00fbrs de leurs d\u00e9cisions esth\u00e9tiques d&rsquo;attendre.\u00a0\u00bb<\/p>\n<p><img loading=\"lazy\" decoding=\"async\" class=\"alignnone size-full wp-image-111\" src=\"https:\/\/www.orhanucal.com\/fr\/wp-content\/uploads\/2025\/06\/dha.png\" alt=\"\" width=\"300\" height=\"150\" \/><\/p>\n","protected":false},"excerpt":{"rendered":"<p>ISTANBUL, (DHA) &#8211; Le Sp\u00e9cialiste en Chirurgie Oto-Rhino-Laryngologique et Cervico-Faciale Op. Dr. Yusuf Orhan U\u00e7al, qui affirme que les r\u00e9sultats de la rhinoplastie, c&rsquo;est-\u00e0-dire la chirurgie esth\u00e9tique du nez, ont un effet qui dure toute la vie, a d\u00e9clar\u00e9 que de nombreux jeunes patients souhaitent subir une chirurgie de rhinoplastie pour remodeler ou redimensionner leur [&hellip;]<\/p>\n","protected":false},"author":1,"featured_media":343,"comment_status":"open","ping_status":"open","sticky":false,"template":"","format":"standard","meta":{"footnotes":""},"categories":[2],"tags":[],"class_list":["post-110","post","type-post","status-publish","format-standard","has-post-thumbnail","hentry","category-basin"],"_links":{"self":[{"href":"https:\/\/www.orhanucal.com\/fr\/wp-json\/wp\/v2\/posts\/110","targetHints":{"allow":["GET"]}}],"collection":[{"href":"https:\/\/www.orhanucal.com\/fr\/wp-json\/wp\/v2\/posts"}],"about":[{"href":"https:\/\/www.orhanucal.com\/fr\/wp-json\/wp\/v2\/types\/post"}],"author":[{"embeddable":true,"href":"https:\/\/www.orhanucal.com\/fr\/wp-json\/wp\/v2\/users\/1"}],"replies":[{"embeddable":true,"href":"https:\/\/www.orhanucal.com\/fr\/wp-json\/wp\/v2\/comments?post=110"}],"version-history":[{"count":4,"href":"https:\/\/www.orhanucal.com\/fr\/wp-json\/wp\/v2\/posts\/110\/revisions"}],"predecessor-version":[{"id":344,"href":"https:\/\/www.orhanucal.com\/fr\/wp-json\/wp\/v2\/posts\/110\/revisions\/344"}],"wp:featuredmedia":[{"embeddable":true,"href":"https:\/\/www.orhanucal.com\/fr\/wp-json\/wp\/v2\/media\/343"}],"wp:attachment":[{"href":"https:\/\/www.orhanucal.com\/fr\/wp-json\/wp\/v2\/media?parent=110"}],"wp:term":[{"taxonomy":"category","embeddable":true,"href":"https:\/\/www.orhanucal.com\/fr\/wp-json\/wp\/v2\/categories?post=110"},{"taxonomy":"post_tag","embeddable":true,"href":"https:\/\/www.orhanucal.com\/fr\/wp-json\/wp\/v2\/tags?post=110"}],"curies":[{"name":"wp","href":"https:\/\/api.w.org\/{rel}","templated":true}]}}