{"id":151,"date":"2025-06-11T16:56:33","date_gmt":"2025-06-11T13:56:33","guid":{"rendered":"https:\/\/www.orhanucal.com\/fr\/?p=151"},"modified":"2025-06-26T16:39:02","modified_gmt":"2025-06-26T13:39:02","slug":"la-periode-de-recuperation-est-plus-facile-a-surmonter-grace-a-ces-efforts","status":"publish","type":"post","link":"https:\/\/www.orhanucal.com\/fr\/la-periode-de-recuperation-est-plus-facile-a-surmonter-grace-a-ces-efforts\/","title":{"rendered":"La p\u00e9riode de r\u00e9cup\u00e9ration est plus facile \u00e0 surmonter gr\u00e2ce \u00e0 ces efforts"},"content":{"rendered":"<p>Istanbul, 11 octobre, (DHA) \u2013 Le sp\u00e9cialiste en oto-rhino-laryngologie et en chirurgie de la t\u00eate et du cou, Op. Dr. Yusuf Orhan U\u00e7al, a soulign\u00e9 que les patients souhaitant subir une rhinoplastie doivent \u00e9galement prendre en compte la p\u00e9riode de r\u00e9cup\u00e9ration apr\u00e8s l\u2019op\u00e9ration. Il a donn\u00e9 des conseils pour aider les patients \u00e0 mieux traverser cette phase.<\/p>\n<p>Op. Dr. U\u00e7al a d\u00e9clar\u00e9 qu&rsquo;une gu\u00e9rison compl\u00e8te apr\u00e8s une rhinoplastie n\u00e9cessite un an. Il a ajout\u00e9 : \u00ab Pendant la phase de r\u00e9cup\u00e9ration pr\u00e9coce, les patients qui se reposent \u00e0 la maison peuvent se sentir seuls. Regarder des films peut leur faire beaucoup de bien. Cette activit\u00e9 est indispensable pour les premiers jours o\u00f9 la douleur est \u00e0 son maximum. De plus, il est important de continuer \u00e0 garder la t\u00eate sur\u00e9lev\u00e9e afin de r\u00e9duire le gonflement \u00bb, a-t-il expliqu\u00e9.<\/p>\n<div id=\"ez-toc-container\" class=\"ez-toc-v2_0_82_2 counter-flat ez-toc-counter ez-toc-grey ez-toc-container-direction\">\n<div class=\"ez-toc-title-container\">\n<p class=\"ez-toc-title\" style=\"cursor:inherit\">\u0130\u00e7indekiler<\/p>\n<span class=\"ez-toc-title-toggle\"><a href=\"#\" class=\"ez-toc-pull-right ez-toc-btn ez-toc-btn-xs ez-toc-btn-default ez-toc-toggle\" aria-label=\"Toggle Table of Content\"><span class=\"ez-toc-js-icon-con\"><span class=\"\"><span class=\"eztoc-hide\" style=\"display:none;\">Toggle<\/span><span class=\"ez-toc-icon-toggle-span\"><svg style=\"fill: #999;color:#999\" xmlns=\"http:\/\/www.w3.org\/2000\/svg\" class=\"list-377408\" width=\"20px\" height=\"20px\" viewBox=\"0 0 24 24\" fill=\"none\"><path d=\"M6 6H4v2h2V6zm14 0H8v2h12V6zM4 11h2v2H4v-2zm16 0H8v2h12v-2zM4 16h2v2H4v-2zm16 0H8v2h12v-2z\" fill=\"currentColor\"><\/path><\/svg><svg style=\"fill: #999;color:#999\" class=\"arrow-unsorted-368013\" xmlns=\"http:\/\/www.w3.org\/2000\/svg\" width=\"10px\" height=\"10px\" viewBox=\"0 0 24 24\" version=\"1.2\" baseProfile=\"tiny\"><path d=\"M18.2 9.3l-6.2-6.3-6.2 6.3c-.2.2-.3.4-.3.7s.1.5.3.7c.2.2.4.3.7.3h11c.3 0 .5-.1.7-.3.2-.2.3-.5.3-.7s-.1-.5-.3-.7zM5.8 14.7l6.2 6.3 6.2-6.3c.2-.2.3-.5.3-.7s-.1-.5-.3-.7c-.2-.2-.4-.3-.7-.3h-11c-.3 0-.5.1-.7.3-.2.2-.3.5-.3.7s.1.5.3.7z\"\/><\/svg><\/span><\/span><\/span><\/a><\/span><\/div>\n<nav><ul class='ez-toc-list ez-toc-list-level-1 eztoc-toggle-hide-by-default' ><li class='ez-toc-page-1'><a class=\"ez-toc-link ez-toc-heading-1\" href=\"https:\/\/www.orhanucal.com\/fr\/la-periode-de-recuperation-est-plus-facile-a-surmonter-grace-a-ces-efforts\/#Vous_pouvez_vous_occuper_en_lisant_un_livre\" >Vous pouvez vous occuper en lisant un livre<\/a><\/li><li class='ez-toc-page-1'><a class=\"ez-toc-link ez-toc-heading-2\" href=\"https:\/\/www.orhanucal.com\/fr\/la-periode-de-recuperation-est-plus-facile-a-surmonter-grace-a-ces-efforts\/#Renforcez_vos_relations_pendant_la_convalescence\" >Renforcez vos relations pendant la convalescence<\/a><\/li><li class='ez-toc-page-1'><a class=\"ez-toc-link ez-toc-heading-3\" href=\"https:\/\/www.orhanucal.com\/fr\/la-periode-de-recuperation-est-plus-facile-a-surmonter-grace-a-ces-efforts\/#Organisez_votre_vie\" >Organisez votre vie<\/a><\/li><\/ul><\/nav><\/div>\n<h2><span class=\"ez-toc-section\" id=\"Vous_pouvez_vous_occuper_en_lisant_un_livre\"><\/span><strong>Vous pouvez vous occuper en lisant un livre<\/strong><span class=\"ez-toc-section-end\"><\/span><\/h2>\n<p>Op. Dr. U\u00e7al a pr\u00e9cis\u00e9 que dans la plupart des cas, les bandages et l\u2019attelle sont retir\u00e9s une semaine apr\u00e8s l\u2019op\u00e9ration. Toutefois, il peut encore persister des gonflements et des ecchymoses qui peuvent emp\u00eacher de sortir. Il a d\u00e9clar\u00e9 : \u00ab Dans les situations o\u00f9 il faut rester longtemps alit\u00e9, les livres transportent le patient vers d\u2019autres univers, ce qui lui permet de ne plus se focaliser sur lui-m\u00eame. \u00bb<\/p>\n<h2><span class=\"ez-toc-section\" id=\"Renforcez_vos_relations_pendant_la_convalescence\"><\/span><strong>Renforcez vos relations pendant la convalescence<\/strong><span class=\"ez-toc-section-end\"><\/span><\/h2>\n<p>Op. Dr. U\u00e7al a poursuivi : \u00ab Les pr\u00e9paratifs li\u00e9s \u00e0 l\u2019op\u00e9ration, les d\u00e9marches administratives et les rendez-vous m\u00e9dicaux ont peut-\u00eatre empi\u00e9t\u00e9 sur le temps que la personne aurait souhait\u00e9 consacrer \u00e0 ses proches. C\u2019est pourquoi, durant la convalescence, il est possible de saisir l\u2019occasion pour renforcer ses relations. \u00bb<\/p>\n<h3><span class=\"ez-toc-section\" id=\"Organisez_votre_vie\"><\/span><strong>Organisez votre vie<\/strong><span class=\"ez-toc-section-end\"><\/span><\/h3>\n<p>Rappelant que cette p\u00e9riode est id\u00e9ale pour organiser sa vie et faire des projets pour l\u2019avenir, Op. Dr. U\u00e7al a d\u00e9clar\u00e9 : \u00ab C\u2019est peut-\u00eatre le bon moment pour r\u00e9fl\u00e9chir \u00e0 sa vie et comprendre ce qu\u2019il faut faire pour l\u2019am\u00e9liorer. \u00bb<\/p>\n<p>&nbsp;<\/p>\n<p><img loading=\"lazy\" decoding=\"async\" class=\"alignnone size-full wp-image-152\" src=\"https:\/\/www.orhanucal.com\/fr\/wp-content\/uploads\/2025\/06\/mynet.png\" alt=\"\" width=\"300\" height=\"150\" \/><\/p>\n","protected":false},"excerpt":{"rendered":"<p>Istanbul, 11 octobre, (DHA) \u2013 Le sp\u00e9cialiste en oto-rhino-laryngologie et en chirurgie de la t\u00eate et du cou, Op. Dr. Yusuf Orhan U\u00e7al, a soulign\u00e9 que les patients souhaitant subir une rhinoplastie doivent \u00e9galement prendre en compte la p\u00e9riode de r\u00e9cup\u00e9ration apr\u00e8s l\u2019op\u00e9ration. Il a donn\u00e9 des conseils pour aider les patients \u00e0 mieux traverser [&hellip;]<\/p>\n","protected":false},"author":1,"featured_media":349,"comment_status":"open","ping_status":"open","sticky":false,"template":"","format":"standard","meta":{"footnotes":""},"categories":[2],"tags":[],"class_list":["post-151","post","type-post","status-publish","format-standard","has-post-thumbnail","hentry","category-basin"],"_links":{"self":[{"href":"https:\/\/www.orhanucal.com\/fr\/wp-json\/wp\/v2\/posts\/151","targetHints":{"allow":["GET"]}}],"collection":[{"href":"https:\/\/www.orhanucal.com\/fr\/wp-json\/wp\/v2\/posts"}],"about":[{"href":"https:\/\/www.orhanucal.com\/fr\/wp-json\/wp\/v2\/types\/post"}],"author":[{"embeddable":true,"href":"https:\/\/www.orhanucal.com\/fr\/wp-json\/wp\/v2\/users\/1"}],"replies":[{"embeddable":true,"href":"https:\/\/www.orhanucal.com\/fr\/wp-json\/wp\/v2\/comments?post=151"}],"version-history":[{"count":3,"href":"https:\/\/www.orhanucal.com\/fr\/wp-json\/wp\/v2\/posts\/151\/revisions"}],"predecessor-version":[{"id":351,"href":"https:\/\/www.orhanucal.com\/fr\/wp-json\/wp\/v2\/posts\/151\/revisions\/351"}],"wp:featuredmedia":[{"embeddable":true,"href":"https:\/\/www.orhanucal.com\/fr\/wp-json\/wp\/v2\/media\/349"}],"wp:attachment":[{"href":"https:\/\/www.orhanucal.com\/fr\/wp-json\/wp\/v2\/media?parent=151"}],"wp:term":[{"taxonomy":"category","embeddable":true,"href":"https:\/\/www.orhanucal.com\/fr\/wp-json\/wp\/v2\/categories?post=151"},{"taxonomy":"post_tag","embeddable":true,"href":"https:\/\/www.orhanucal.com\/fr\/wp-json\/wp\/v2\/tags?post=151"}],"curies":[{"name":"wp","href":"https:\/\/api.w.org\/{rel}","templated":true}]}}