{"id":299,"date":"2025-06-25T19:53:58","date_gmt":"2025-06-25T16:53:58","guid":{"rendered":"https:\/\/www.orhanucal.com\/fr\/?p=299"},"modified":"2025-06-26T17:37:43","modified_gmt":"2025-06-26T14:37:43","slug":"esthetique-des-yeux-en-amande-prix-turquie","status":"publish","type":"post","link":"https:\/\/www.orhanucal.com\/fr\/esthetique-des-yeux-en-amande-prix-turquie\/","title":{"rendered":"Esth\u00e9tique des Yeux en Amande"},"content":{"rendered":"<div id=\"ez-toc-container\" class=\"ez-toc-v2_0_82_2 counter-flat ez-toc-counter ez-toc-grey ez-toc-container-direction\">\n<div class=\"ez-toc-title-container\">\n<p class=\"ez-toc-title\" style=\"cursor:inherit\">\u0130\u00e7indekiler<\/p>\n<span class=\"ez-toc-title-toggle\"><a href=\"#\" class=\"ez-toc-pull-right ez-toc-btn ez-toc-btn-xs ez-toc-btn-default ez-toc-toggle\" aria-label=\"Toggle Table of Content\"><span class=\"ez-toc-js-icon-con\"><span class=\"\"><span class=\"eztoc-hide\" style=\"display:none;\">Toggle<\/span><span class=\"ez-toc-icon-toggle-span\"><svg style=\"fill: #999;color:#999\" xmlns=\"http:\/\/www.w3.org\/2000\/svg\" class=\"list-377408\" width=\"20px\" height=\"20px\" viewBox=\"0 0 24 24\" fill=\"none\"><path d=\"M6 6H4v2h2V6zm14 0H8v2h12V6zM4 11h2v2H4v-2zm16 0H8v2h12v-2zM4 16h2v2H4v-2zm16 0H8v2h12v-2z\" fill=\"currentColor\"><\/path><\/svg><svg style=\"fill: #999;color:#999\" class=\"arrow-unsorted-368013\" xmlns=\"http:\/\/www.w3.org\/2000\/svg\" width=\"10px\" height=\"10px\" viewBox=\"0 0 24 24\" version=\"1.2\" baseProfile=\"tiny\"><path d=\"M18.2 9.3l-6.2-6.3-6.2 6.3c-.2.2-.3.4-.3.7s.1.5.3.7c.2.2.4.3.7.3h11c.3 0 .5-.1.7-.3.2-.2.3-.5.3-.7s-.1-.5-.3-.7zM5.8 14.7l6.2 6.3 6.2-6.3c.2-.2.3-.5.3-.7s-.1-.5-.3-.7c-.2-.2-.4-.3-.7-.3h-11c-.3 0-.5.1-.7.3-.2.2-.3.5-.3.7s.1.5.3.7z\"\/><\/svg><\/span><\/span><\/span><\/a><\/span><\/div>\n<nav><ul class='ez-toc-list ez-toc-list-level-1 eztoc-toggle-hide-by-default' ><li class='ez-toc-page-1'><a class=\"ez-toc-link ez-toc-heading-1\" href=\"https:\/\/www.orhanucal.com\/fr\/esthetique-des-yeux-en-amande-prix-turquie\/#Quest-ce_que_la_Chirurgie_des_Yeux_en_Amande\" >Qu&rsquo;est-ce que la Chirurgie des Yeux en Amande ?<\/a><\/li><li class='ez-toc-page-1'><a class=\"ez-toc-link ez-toc-heading-2\" href=\"https:\/\/www.orhanucal.com\/fr\/esthetique-des-yeux-en-amande-prix-turquie\/#Pourquoi_Recourir_a_la_Chirurgie_des_Yeux_en_Amande\" >Pourquoi Recourir \u00e0 la Chirurgie des Yeux en Amande ?<\/a><\/li><li class='ez-toc-page-1'><a class=\"ez-toc-link ez-toc-heading-3\" href=\"https:\/\/www.orhanucal.com\/fr\/esthetique-des-yeux-en-amande-prix-turquie\/#Quel_Resultat_Apres_une_Chirurgie_des_Yeux_en_Amande\" >Quel R\u00e9sultat Apr\u00e8s une Chirurgie des Yeux en Amande ?<\/a><\/li><li class='ez-toc-page-1'><a class=\"ez-toc-link ez-toc-heading-4\" href=\"https:\/\/www.orhanucal.com\/fr\/esthetique-des-yeux-en-amande-prix-turquie\/#LImportance_du_Choix_du_Chirurgien\" >L&rsquo;Importance du Choix du Chirurgien<\/a><\/li><li class='ez-toc-page-1'><a class=\"ez-toc-link ez-toc-heading-5\" href=\"https:\/\/www.orhanucal.com\/fr\/esthetique-des-yeux-en-amande-prix-turquie\/#Avec_Quelles_Interventions_Peut-On_la_Combiner\" >Avec Quelles Interventions Peut-On la Combiner ?<\/a><\/li><li class='ez-toc-page-1'><a class=\"ez-toc-link ez-toc-heading-6\" href=\"https:\/\/www.orhanucal.com\/fr\/esthetique-des-yeux-en-amande-prix-turquie\/#Planification_Preoperatoire\" >Planification Pr\u00e9op\u00e9ratoire<\/a><\/li><li class='ez-toc-page-1'><a class=\"ez-toc-link ez-toc-heading-7\" href=\"https:\/\/www.orhanucal.com\/fr\/esthetique-des-yeux-en-amande-prix-turquie\/#Comment_se_Deroule_lIntervention\" >Comment se D\u00e9roule l\u2019Intervention ?<\/a><\/li><li class='ez-toc-page-1'><a class=\"ez-toc-link ez-toc-heading-8\" href=\"https:\/\/www.orhanucal.com\/fr\/esthetique-des-yeux-en-amande-prix-turquie\/#Quels_Sont_les_Facteurs_qui_Influencent_le_Prix\" >Quels Sont les Facteurs qui Influencent le Prix ?<\/a><\/li><li class='ez-toc-page-1'><a class=\"ez-toc-link ez-toc-heading-9\" href=\"https:\/\/www.orhanucal.com\/fr\/esthetique-des-yeux-en-amande-prix-turquie\/#Convalescence_Apres_la_Chirurgie\" >Convalescence Apr\u00e8s la Chirurgie<\/a><\/li><li class='ez-toc-page-1'><a class=\"ez-toc-link ez-toc-heading-10\" href=\"https:\/\/www.orhanucal.com\/fr\/esthetique-des-yeux-en-amande-prix-turquie\/#La_chirurgie_des_yeux_en_amande_est-elle_permanente\" >La chirurgie des yeux en amande est-elle permanente ?<\/a><\/li><li class='ez-toc-page-1'><a class=\"ez-toc-link ez-toc-heading-11\" href=\"https:\/\/www.orhanucal.com\/fr\/esthetique-des-yeux-en-amande-prix-turquie\/#Le_regard_parait-il_artificiel_apres_lintervention\" >Le regard para\u00eet-il artificiel apr\u00e8s l\u2019intervention ?<\/a><\/li><li class='ez-toc-page-1'><a class=\"ez-toc-link ez-toc-heading-12\" href=\"https:\/\/www.orhanucal.com\/fr\/esthetique-des-yeux-en-amande-prix-turquie\/#Y_a-t-il_des_cicatrices_visibles\" >Y a-t-il des cicatrices visibles ?<\/a><\/li><\/ul><\/nav><\/div>\n<h2><span class=\"ez-toc-section\" id=\"Quest-ce_que_la_Chirurgie_des_Yeux_en_Amande\"><\/span>Qu&rsquo;est-ce que la Chirurgie des Yeux en Amande ?<span class=\"ez-toc-section-end\"><\/span><\/h2>\n<p><a href=\"https:\/\/www.orhanucal.com\/fr\/esthetique-des-yeux-en-amande-prix-turquie\/\"><strong>La chirurgie des yeux en amande<\/strong><\/a> est une intervention esth\u00e9tique moderne qui permet de rendre le regard plus \u00e9tir\u00e9, plus jeune et plus dynamique. Avec l&rsquo;\u00e2ge, la gravit\u00e9 et des facteurs g\u00e9n\u00e9tiques, les paupi\u00e8res peuvent s&rsquo;affaisser, entra\u00eenant un regard fatigu\u00e9 et triste. Cette chirurgie permet de repositionner le coin externe de l&rsquo;\u0153il vers le haut, offrant ainsi un regard plus s\u00e9duisant et plus vif.<\/p>\n<p>L\u2019intervention consiste \u00e0 relever l\u00e9g\u00e8rement le coin externe de l\u2019\u0153il vers le haut et l\u2019ext\u00e9rieur. Avec la technique du Dr Yusuf Orhan U\u00e7al, la forme naturelle de l\u2019\u0153il est respect\u00e9e, garantissant un r\u00e9sultat harmonieux et sans exag\u00e9ration. Le visage para\u00eet ainsi plus jeune, plus \u00e9nergique et plus expressif.<\/p>\n<h2><span class=\"ez-toc-section\" id=\"Pourquoi_Recourir_a_la_Chirurgie_des_Yeux_en_Amande\"><\/span>Pourquoi Recourir \u00e0 la Chirurgie des Yeux en Amande ?<span class=\"ez-toc-section-end\"><\/span><\/h2>\n<p>Les yeux jouent un r\u00f4le essentiel dans l\u2019expression du visage. Le rel\u00e2chement des tissus autour des yeux ou une forme naturellement tombante peuvent donner une apparence constamment fatigu\u00e9e, triste ou vieillie.<\/p>\n<p>Certaines personnes ont, d\u00e8s la naissance, des yeux plus ronds ou inclin\u00e9s vers le bas. Cette intervention offre une solution \u00e0 celles et ceux qui souhaitent un regard plus \u00e9tir\u00e9, plus dynamique et plus harmonieux.<\/p>\n<h2><span class=\"ez-toc-section\" id=\"Quel_Resultat_Apres_une_Chirurgie_des_Yeux_en_Amande\"><\/span>Quel R\u00e9sultat Apr\u00e8s une Chirurgie des Yeux en Amande ?<span class=\"ez-toc-section-end\"><\/span><\/h2>\n<p>Apr\u00e8s l\u2019intervention, le coin externe des yeux est repositionn\u00e9 vers le haut avec un angle plus dynamique. Le regard para\u00eet imm\u00e9diatement plus jeune, plus vif et plus ouvert. Les signes de fatigue et de rel\u00e2chement disparaissent.<\/p>\n<p>Le Dr Yusuf Orhan U\u00e7al applique une technique qui respecte la morphologie naturelle de l\u2019\u0153il, assurant un r\u00e9sultat \u00e9quilibr\u00e9 et naturel. Le regard n\u2019est jamais exag\u00e9r\u00e9ment \u00e9tir\u00e9 ou artificiel, mais parfaitement adapt\u00e9 aux traits du visage.<\/p>\n<h2><span class=\"ez-toc-section\" id=\"LImportance_du_Choix_du_Chirurgien\"><\/span>L&rsquo;Importance du Choix du Chirurgien<span class=\"ez-toc-section-end\"><\/span><\/h2>\n<p>La r\u00e9gion des yeux est l\u2019une des zones les plus d\u00e9licates et visibles du visage. Une mauvaise analyse ou une mauvaise technique peut entra\u00eener un r\u00e9sultat peu naturel et nuire \u00e0 l&rsquo;expression du visage.<\/p>\n<p>Le Dr Yusuf Orhan U\u00e7al, gr\u00e2ce \u00e0 sa ma\u00eetrise de l\u2019anatomie de la r\u00e9gion p\u00e9rioculaire et de l\u2019esth\u00e9tique du visage, \u00e9labore un plan personnalis\u00e9 pour chaque patient afin d\u2019obtenir un r\u00e9sultat naturel, sym\u00e9trique et harmonieux.<\/p>\n<h2><span class=\"ez-toc-section\" id=\"Avec_Quelles_Interventions_Peut-On_la_Combiner\"><\/span>Avec Quelles Interventions Peut-On la Combiner ?<span class=\"ez-toc-section-end\"><\/span><\/h2>\n<p>La chirurgie des yeux en amande est souvent associ\u00e9e \u00e0 d\u2019autres proc\u00e9dures de rajeunissement facial. Elle est fr\u00e9quemment combin\u00e9e avec le <a href=\"https:\/\/www.orhanucal.com\/fr\/chirurgie-endoscopique-de-lifting-des-sourcils-prix-turquie\/\">lifting endoscopique des sourcils<\/a>, car le rel\u00e2chement des sourcils accentue le vieillissement du regard.<\/p>\n<p>Elle peut \u00e9galement \u00eatre combin\u00e9e \u00e0 une <a href=\"https:\/\/www.orhanucal.com\/fr\/chirurgie-esthetique-des-paupieres-prix-turquie\/\">bl\u00e9pharoplastie<\/a> pour retirer l&rsquo;exc\u00e8s de peau et les poches sous les yeux. D&rsquo;autres interventions comme le <a href=\"https:\/\/www.orhanucal.com\/fr\/chirurgie-de-lifting-moyen-prix-turquie\/\">lifting malaire<\/a>, la <a href=\"https:\/\/www.orhanucal.com\/fr\/chirurgie-dimplant-du-menton-prix-turquie\/\">pose d&rsquo;implant mentonnier<\/a>, la <a href=\"https:\/\/www.orhanucal.com\/fr\/liposuccion-du-double-menton-prix-turquie\/\">liposuccion du double menton<\/a> et les <a href=\"https:\/\/www.orhanucal.com\/fr\/injection-de-graisse-au-visage-prix-turquie\/\">injections de graisse<\/a> peuvent \u00eatre associ\u00e9es pour un r\u00e9sultat plus global et plus harmonieux.<\/p>\n<h2><span class=\"ez-toc-section\" id=\"Planification_Preoperatoire\"><\/span>Planification Pr\u00e9op\u00e9ratoire<span class=\"ez-toc-section-end\"><\/span><\/h2>\n<p>Avant l\u2019intervention, une analyse d\u00e9taill\u00e9e des yeux et du visage est r\u00e9alis\u00e9e. Le Dr Yusuf Orhan U\u00e7al \u00e9value l\u2019angle des yeux, la qualit\u00e9 de la peau, la sym\u00e9trie faciale et les attentes du patient.<\/p>\n<p>Durant cette phase, le chirurgien explique en d\u00e9tail le r\u00e9sultat attendu, le degr\u00e9 de remont\u00e9e souhait\u00e9 ainsi que les \u00e9tapes de la r\u00e9cup\u00e9ration.<\/p>\n<h3><span class=\"ez-toc-section\" id=\"Comment_se_Deroule_lIntervention\"><\/span>Comment se D\u00e9roule l\u2019Intervention ?<span class=\"ez-toc-section-end\"><\/span><\/h3>\n<p>L\u2019intervention est r\u00e9alis\u00e9e sous anesth\u00e9sie locale avec s\u00e9dation et dure environ 45 minutes \u00e0 1 heure. Une petite incision est faite dans le cuir chevelu ou dissimul\u00e9e dans un pli naturel du coin externe de l\u2019\u0153il.<\/p>\n<p>Gr\u00e2ce \u00e0 des techniques de suspension sp\u00e9cifiques, le coin externe de l\u2019\u0153il est repositionn\u00e9 vers le haut et l\u2019ext\u00e9rieur, cr\u00e9ant un regard plus ouvert et plus s\u00e9duisant. Les cicatrices sont tr\u00e8s discr\u00e8tes et deviennent invisibles apr\u00e8s la cicatrisation.<\/p>\n<h3><span class=\"ez-toc-section\" id=\"Quels_Sont_les_Facteurs_qui_Influencent_le_Prix\"><\/span>Quels Sont les Facteurs qui Influencent le Prix ?<span class=\"ez-toc-section-end\"><\/span><\/h3>\n<p>Le prix d\u00e9pend de l\u2019exp\u00e9rience du chirurgien, de la technique utilis\u00e9e, des infrastructures de la clinique et des interventions combin\u00e9es. Si elle est r\u00e9alis\u00e9e avec un lifting endoscopique des sourcils, une bl\u00e9pharoplastie, un lifting malaire ou des injections de graisse, le devis devient personnalis\u00e9.<\/p>\n<p>Un devis pr\u00e9cis est \u00e9tabli apr\u00e8s une consultation d\u00e9taill\u00e9e, en fonction de la morphologie et des besoins sp\u00e9cifiques de chaque patient.<\/p>\n<h4><span class=\"ez-toc-section\" id=\"Convalescence_Apres_la_Chirurgie\"><\/span>Convalescence Apr\u00e8s la Chirurgie<span class=\"ez-toc-section-end\"><\/span><\/h4>\n<p>La r\u00e9cup\u00e9ration est g\u00e9n\u00e9ralement rapide et confortable. Les premiers jours, de l\u00e9gers gonflements, ecchymoses ou une sensation de tension autour des yeux peuvent appara\u00eetre. Ces effets disparaissent en grande partie au bout d\u2019une semaine.<\/p>\n<p>Les sutures sont retir\u00e9es entre 5 et 7 jours apr\u00e8s l\u2019intervention. Le port de pansements sp\u00e9ciaux et l\u2019application de compresses froides aident \u00e0 acc\u00e9l\u00e9rer la gu\u00e9rison.<\/p>\n<p>Les r\u00e9sultats d\u00e9finitifs sont visibles apr\u00e8s quelques semaines, lorsque le regard prend sa forme d\u00e9finitive et s\u2019harmonise avec le visage.<\/p>\n<p><strong>FAQ &#8211; Foire Aux Questions<\/strong><\/p>\n<h4><span class=\"ez-toc-section\" id=\"La_chirurgie_des_yeux_en_amande_est-elle_permanente\"><\/span>La chirurgie des yeux en amande est-elle permanente ?<span class=\"ez-toc-section-end\"><\/span><\/h4>\n<p>Oui, le r\u00e9sultat est durable pendant de nombreuses ann\u00e9es. Toutefois, le processus naturel de vieillissement continue, ce qui peut entra\u00eener un rel\u00e2chement progressif des tissus au fil du temps.<\/p>\n<h4><span class=\"ez-toc-section\" id=\"Le_regard_parait-il_artificiel_apres_lintervention\"><\/span>Le regard para\u00eet-il artificiel apr\u00e8s l\u2019intervention ?<span class=\"ez-toc-section-end\"><\/span><\/h4>\n<p>Non. Gr\u00e2ce \u00e0 la technique naturelle du Dr Yusuf Orhan U\u00e7al, le regard reste harmonieux avec les autres traits du visage. L\u2019objectif est un effet naturel sans exag\u00e9ration.<\/p>\n<h4><span class=\"ez-toc-section\" id=\"Y_a-t-il_des_cicatrices_visibles\"><\/span>Y a-t-il des cicatrices visibles ?<span class=\"ez-toc-section-end\"><\/span><\/h4>\n<p>Non. Les incisions sont dissimul\u00e9es dans le cuir chevelu ou dans les plis naturels du contour de l\u2019\u0153il, devenant invisibles avec le temps.<\/p>\n<p><strong>Est-ce une intervention douloureuse ?<\/strong><br \/>\nL\u2019inconfort est l\u00e9ger. Une sensation de tension ou de l\u00e9g\u00e8re douleur peut appara\u00eetre dans les premiers jours, mais elle est facilement contr\u00f4l\u00e9e avec des antalgiques simples.<\/p>\n<p><strong>Avec quelles interventions peut-elle \u00eatre combin\u00e9e ?<\/strong><br \/>\nSouvent associ\u00e9e \u00e0 un <a href=\"https:\/\/www.orhanucal.com\/fr\/chirurgie-endoscopique-de-lifting-des-sourcils-prix-turquie\/\">lifting endoscopique des sourcils<\/a>, une <a href=\"https:\/\/www.orhanucal.com\/fr\/chirurgie-esthetique-des-paupieres-prix-turquie\/\">bl\u00e9pharoplastie<\/a>, un <a href=\"https:\/\/www.orhanucal.com\/fr\/chirurgie-de-lifting-moyen-prix-turquie\/\">lifting malaire<\/a>, une <a href=\"https:\/\/www.orhanucal.com\/fr\/chirurgie-dimplant-du-menton-prix-turquie\/\">pose d\u2019implant mentonnier<\/a> ou encore des <a href=\"https:\/\/www.orhanucal.com\/fr\/injection-de-graisse-au-visage-prix-turquie\/\">injections de graisse<\/a>.<\/p>\n<p>La chirurgie des yeux en amande est une solution efficace et s\u00fbre pour obtenir un regard plus jeune, plus dynamique et plus s\u00e9duisant. Gr\u00e2ce \u00e0 l\u2019expertise du Dr Yusuf Orhan U\u00e7al, cette intervention sublime la beaut\u00e9 naturelle du visage avec des r\u00e9sultats durables, \u00e9quilibr\u00e9s et harmonieux.<\/p>\n<p><iframe loading=\"lazy\" title=\"YouTube video player\" src=\"https:\/\/www.youtube.com\/embed\/yAeaLUiNwo8?si=vudDhtNsKwzcN3Ps\" width=\"100%\" height=\"615\" frameborder=\"0\" allowfullscreen=\"allowfullscreen\"><\/iframe><\/p>\n<p><strong>Instagram : <a href=\"https:\/\/www.instagram.com\/drorhanucal\/\" target=\"_blank\" rel=\"noopener\">@drorhanucal<\/a><\/strong><\/p>\n","protected":false},"excerpt":{"rendered":"<p>Qu&rsquo;est-ce que la Chirurgie des Yeux en Amande ? La chirurgie des yeux en amande est une intervention esth\u00e9tique moderne qui permet de rendre le regard plus \u00e9tir\u00e9, plus jeune et plus dynamique. Avec l&rsquo;\u00e2ge, la gravit\u00e9 et des facteurs g\u00e9n\u00e9tiques, les paupi\u00e8res peuvent s&rsquo;affaisser, entra\u00eenant un regard fatigu\u00e9 et triste. Cette chirurgie permet de [&hellip;]<\/p>\n","protected":false},"author":1,"featured_media":388,"comment_status":"open","ping_status":"open","sticky":false,"template":"","format":"standard","meta":{"footnotes":""},"categories":[6],"tags":[],"class_list":["post-299","post","type-post","status-publish","format-standard","has-post-thumbnail","hentry","category-yuz-estetigi"],"_links":{"self":[{"href":"https:\/\/www.orhanucal.com\/fr\/wp-json\/wp\/v2\/posts\/299","targetHints":{"allow":["GET"]}}],"collection":[{"href":"https:\/\/www.orhanucal.com\/fr\/wp-json\/wp\/v2\/posts"}],"about":[{"href":"https:\/\/www.orhanucal.com\/fr\/wp-json\/wp\/v2\/types\/post"}],"author":[{"embeddable":true,"href":"https:\/\/www.orhanucal.com\/fr\/wp-json\/wp\/v2\/users\/1"}],"replies":[{"embeddable":true,"href":"https:\/\/www.orhanucal.com\/fr\/wp-json\/wp\/v2\/comments?post=299"}],"version-history":[{"count":9,"href":"https:\/\/www.orhanucal.com\/fr\/wp-json\/wp\/v2\/posts\/299\/revisions"}],"predecessor-version":[{"id":390,"href":"https:\/\/www.orhanucal.com\/fr\/wp-json\/wp\/v2\/posts\/299\/revisions\/390"}],"wp:featuredmedia":[{"embeddable":true,"href":"https:\/\/www.orhanucal.com\/fr\/wp-json\/wp\/v2\/media\/388"}],"wp:attachment":[{"href":"https:\/\/www.orhanucal.com\/fr\/wp-json\/wp\/v2\/media?parent=299"}],"wp:term":[{"taxonomy":"category","embeddable":true,"href":"https:\/\/www.orhanucal.com\/fr\/wp-json\/wp\/v2\/categories?post=299"},{"taxonomy":"post_tag","embeddable":true,"href":"https:\/\/www.orhanucal.com\/fr\/wp-json\/wp\/v2\/tags?post=299"}],"curies":[{"name":"wp","href":"https:\/\/api.w.org\/{rel}","templated":true}]}}