{"id":110,"date":"2025-06-11T16:30:44","date_gmt":"2025-06-11T13:30:44","guid":{"rendered":"https:\/\/www.orhanucal.com\/tr\/?p=110"},"modified":"2025-06-12T13:41:15","modified_gmt":"2025-06-12T10:41:15","slug":"op-dr-ucal-burun-estetigi-icin-yas-onemli-olabilir","status":"publish","type":"post","link":"https:\/\/www.orhanucal.com\/tr\/op-dr-ucal-burun-estetigi-icin-yas-onemli-olabilir\/","title":{"rendered":"Op. Dr. U\u00e7al: &#8220;Burun esteti\u011fi i\u00e7in ya\u015f \u00f6nemli olabilir&#8221;"},"content":{"rendered":"<p>\u0130STANBUL, (DHA) RINOPLASTI yani burun esteti\u011fi sonu\u00e7lar\u0131n\u0131n \u00f6m\u00fcr boyu s\u00fcren bir etkiye sahip oldu\u011funu ifade eden Kulak Burun Bo\u011faz ve Ba\u015f Boyun Cerrahisi Uzman\u0131 Op. Dr. Yusuf Orhan U\u00e7al, bir\u00e7ok gen\u00e7 hastan\u0131n burunlar\u0131n\u0131 yeniden \u015fekillendirmek veya yeniden boyutland\u0131rmak i\u00e7in rinoplasti ameliyat\u0131 olmay\u0131 istediklerini ve 20 ya\u015f\u0131ndan gen\u00e7 olanlar\u0131n ameliyattan \u00f6nce t\u00fcm detaylar\u0131 \u00f6\u011frenmesinin faydal\u0131 olabilece\u011fini belirtti.<\/p>\n<div id=\"ez-toc-container\" class=\"ez-toc-v2_0_82_2 counter-flat ez-toc-counter ez-toc-grey ez-toc-container-direction\">\n<div class=\"ez-toc-title-container\">\n<p class=\"ez-toc-title\" style=\"cursor:inherit\">\u0130\u00e7indekiler<\/p>\n<span class=\"ez-toc-title-toggle\"><a href=\"#\" class=\"ez-toc-pull-right ez-toc-btn ez-toc-btn-xs ez-toc-btn-default ez-toc-toggle\" aria-label=\"\u0130\u00e7indekiler Tablosunu A\u00e7\/Kapat\"><span class=\"ez-toc-js-icon-con\"><span class=\"\"><span class=\"eztoc-hide\" style=\"display:none;\">Toggle<\/span><span class=\"ez-toc-icon-toggle-span\"><svg style=\"fill: #999;color:#999\" xmlns=\"http:\/\/www.w3.org\/2000\/svg\" class=\"list-377408\" width=\"20px\" height=\"20px\" viewBox=\"0 0 24 24\" fill=\"none\"><path d=\"M6 6H4v2h2V6zm14 0H8v2h12V6zM4 11h2v2H4v-2zm16 0H8v2h12v-2zM4 16h2v2H4v-2zm16 0H8v2h12v-2z\" fill=\"currentColor\"><\/path><\/svg><svg style=\"fill: #999;color:#999\" class=\"arrow-unsorted-368013\" xmlns=\"http:\/\/www.w3.org\/2000\/svg\" width=\"10px\" height=\"10px\" viewBox=\"0 0 24 24\" version=\"1.2\" baseProfile=\"tiny\"><path d=\"M18.2 9.3l-6.2-6.3-6.2 6.3c-.2.2-.3.4-.3.7s.1.5.3.7c.2.2.4.3.7.3h11c.3 0 .5-.1.7-.3.2-.2.3-.5.3-.7s-.1-.5-.3-.7zM5.8 14.7l6.2 6.3 6.2-6.3c.2-.2.3-.5.3-.7s-.1-.5-.3-.7c-.2-.2-.4-.3-.7-.3h-11c-.3 0-.5.1-.7.3-.2.2-.3.5-.3.7s.1.5.3.7z\"\/><\/svg><\/span><\/span><\/span><\/a><\/span><\/div>\n<nav><ul class='ez-toc-list ez-toc-list-level-1 eztoc-toggle-hide-by-default' ><li class='ez-toc-page-1'><a class=\"ez-toc-link ez-toc-heading-1\" href=\"https:\/\/www.orhanucal.com\/tr\/op-dr-ucal-burun-estetigi-icin-yas-onemli-olabilir\/#%E2%80%9CBurun_Genelli%CC%87kle_16-17_Yas_Araliginda_Geli%CC%87si%CC%87ni%CC%87_Tamamlar%E2%80%9D\" >&#8220;Burun Genelli\u0307kle 16-17 Ya\u015f Aral\u0131\u011f\u0131nda Geli\u0307\u015fi\u0307ni\u0307 Tamamlar&#8221;<\/a><\/li><li class='ez-toc-page-1'><a class=\"ez-toc-link ez-toc-heading-2\" href=\"https:\/\/www.orhanucal.com\/tr\/op-dr-ucal-burun-estetigi-icin-yas-onemli-olabilir\/#%E2%80%9CBurun_Esteti%CC%87gi%CC%87_Ameli%CC%87yati_Ki%CC%87si%CC%87ye_Ozel_Olmalidir%E2%80%9D\" >&#8220;Burun Esteti\u0307\u011fi\u0307 Ameli\u0307yati Ki\u0307\u015fi\u0307ye \u00d6zel Olmal\u0131d\u0131r&#8221;<\/a><\/li><\/ul><\/nav><\/div>\n<h2><span class=\"ez-toc-section\" id=\"%E2%80%9CBurun_Genelli%CC%87kle_16-17_Yas_Araliginda_Geli%CC%87si%CC%87ni%CC%87_Tamamlar%E2%80%9D\"><\/span>&#8220;Burun Genelli\u0307kle 16-17 Ya\u015f Aral\u0131\u011f\u0131nda Geli\u0307\u015fi\u0307ni\u0307 Tamamlar&#8221;<span class=\"ez-toc-section-end\"><\/span><\/h2>\n<p>Op. Dr. Yusuf Orhan U\u00e7al, burunda de\u011fi\u015fiklik yapabilmek i\u00e7in burnun b\u00fcy\u00fcmeyi tamamlad\u0131\u011f\u0131ndan emin olmak gerekti\u011fini vurgulad\u0131. Tamamen olgunla\u015fmam\u0131\u015f bir burnun, ameliyat sonras\u0131nda b\u00fcy\u00fcyerek sorunlara neden olabilece\u011fini anlatan U\u00e7al, genellikle burnun 16-17 ya\u015flar\u0131 aras\u0131nda geli\u015fimini tamamlad\u0131\u011f\u0131n\u0131, bu s\u00fcreden sonra rinoplasti ameliyat\u0131 i\u00e7in daha uygun bir aday olunabilece\u011fini ifade etti.<\/p>\n<p>Bu durumun sadece ya\u015fla alakal\u0131 olmad\u0131\u011f\u0131n\u0131n alt\u0131n\u0131 \u00e7izen Op. Dr. Yusuf Orhan U\u00e7al, gen\u00e7lerin, genellikle burunlar\u0131n\u0131n \u015fekilleriyle dalga ge\u00e7ildi\u011fi i\u00e7in burun esteti\u011fi ameliyat\u0131 olmak istediklerini vurgulad\u0131. Yine de bu psikolojiyle rinoplasti ameliyat\u0131 olman\u0131n yanl\u0131\u015f olaca\u011f\u0131n\u0131 dile getiren U\u00e7al, gen\u00e7ler aras\u0131nda birbirleriyle dalga ge\u00e7menin \u00e7ok yayg\u0131n oldu\u011funu ve ki\u015fi burnunu yapt\u0131rsa bile arkada\u015flar\u0131n\u0131n ba\u015fka bir \u00f6zelli\u011fiyle dalga ge\u00e7ebilece\u011fini belirtti.<\/p>\n<h2><span class=\"ez-toc-section\" id=\"%E2%80%9CBurun_Esteti%CC%87gi%CC%87_Ameli%CC%87yati_Ki%CC%87si%CC%87ye_Ozel_Olmalidir%E2%80%9D\"><\/span>&#8220;Burun Esteti\u0307\u011fi\u0307 Ameli\u0307yati Ki\u0307\u015fi\u0307ye \u00d6zel Olmal\u0131d\u0131r&#8221;<span class=\"ez-toc-section-end\"><\/span><\/h2>\n<p>&#8220;As\u0131l nedenin burnun yeniden \u015fekillendirilmesi ve y\u00fczle uyumlu bir hale getirilmesi olmas\u0131 gerekti\u011fini belirten Op. Dr. Yusuf Orhan U\u00e7al, &#8220;Bu sayede \u00e7ok daha ba\u015far\u0131l\u0131 sonu\u00e7lar elde edilebilir ve ki\u015fi de mutlu olur. Rinoplasti ameliyat\u0131na karar vermeden \u00f6nce mutlaka bilgi alman\u0131z ve hekiminizle sa\u011fl\u0131k ge\u00e7mi\u015finizi payla\u015fman\u0131z gerekmektedir. Di\u011fer yandan y\u00fcz \u00f6zelliklerinizin de\u011ferlendirilmesi ve m\u00fcmk\u00fcn olan en do\u011fal burun \u015feklinin belirlenmesi de gerekmektedir&#8221; dedi.<\/p>\n<p>U\u00e7al, &#8220;Gen\u00e7ler genellikle tecr\u00fcbesiz olmalar\u0131 nedeniyle ba\u015fkalar\u0131nda \u00e7o\u011fu zaman bir \u00fcnl\u00fcde g\u00f6rd\u00fckleri burun \u015feklini istemektedir. Ancak bu do\u011fru bir yakla\u015f\u0131m de\u011fildir \u00e7\u00fcnk\u00fc her ki\u015finin y\u00fcz\u00fc kendine hast\u0131r ve buna g\u00f6re bir burun \u015fekli belirlenmesi laz\u0131md\u0131r. 20 ya\u015f\u0131n alt\u0131ndaki gen\u00e7ler beklemekten korkmamal\u0131. Estetik kararlar\u0131ndan emin olmayan gen\u00e7lerin beklemesi daha faydal\u0131 olacakt\u0131r&#8221; diye konu\u015ftu.<\/p>\n<p><img loading=\"lazy\" decoding=\"async\" class=\"alignnone size-full wp-image-111\" src=\"https:\/\/www.orhanucal.com\/tr\/wp-content\/uploads\/2025\/06\/dha.png\" alt=\"\" width=\"300\" height=\"150\" \/><\/p>\n","protected":false},"excerpt":{"rendered":"<p>\u0130STANBUL, (DHA) RINOPLASTI yani burun esteti\u011fi sonu\u00e7lar\u0131n\u0131n \u00f6m\u00fcr boyu s\u00fcren bir etkiye sahip oldu\u011funu ifade eden Kulak Burun Bo\u011faz ve Ba\u015f Boyun Cerrahisi Uzman\u0131 Op. Dr. Yusuf Orhan U\u00e7al, bir\u00e7ok gen\u00e7 hastan\u0131n burunlar\u0131n\u0131 yeniden \u015fekillendirmek veya yeniden boyutland\u0131rmak i\u00e7in rinoplasti ameliyat\u0131 olmay\u0131 istediklerini ve 20 ya\u015f\u0131ndan gen\u00e7 olanlar\u0131n ameliyattan \u00f6nce t\u00fcm detaylar\u0131 \u00f6\u011frenmesinin faydal\u0131 olabilece\u011fini [&hellip;]<\/p>\n","protected":false},"author":1,"featured_media":150,"comment_status":"open","ping_status":"open","sticky":false,"template":"","format":"standard","meta":{"footnotes":""},"categories":[2],"tags":[],"class_list":["post-110","post","type-post","status-publish","format-standard","has-post-thumbnail","hentry","category-basin"],"_links":{"self":[{"href":"https:\/\/www.orhanucal.com\/tr\/wp-json\/wp\/v2\/posts\/110","targetHints":{"allow":["GET"]}}],"collection":[{"href":"https:\/\/www.orhanucal.com\/tr\/wp-json\/wp\/v2\/posts"}],"about":[{"href":"https:\/\/www.orhanucal.com\/tr\/wp-json\/wp\/v2\/types\/post"}],"author":[{"embeddable":true,"href":"https:\/\/www.orhanucal.com\/tr\/wp-json\/wp\/v2\/users\/1"}],"replies":[{"embeddable":true,"href":"https:\/\/www.orhanucal.com\/tr\/wp-json\/wp\/v2\/comments?post=110"}],"version-history":[{"count":3,"href":"https:\/\/www.orhanucal.com\/tr\/wp-json\/wp\/v2\/posts\/110\/revisions"}],"predecessor-version":[{"id":147,"href":"https:\/\/www.orhanucal.com\/tr\/wp-json\/wp\/v2\/posts\/110\/revisions\/147"}],"wp:featuredmedia":[{"embeddable":true,"href":"https:\/\/www.orhanucal.com\/tr\/wp-json\/wp\/v2\/media\/150"}],"wp:attachment":[{"href":"https:\/\/www.orhanucal.com\/tr\/wp-json\/wp\/v2\/media?parent=110"}],"wp:term":[{"taxonomy":"category","embeddable":true,"href":"https:\/\/www.orhanucal.com\/tr\/wp-json\/wp\/v2\/categories?post=110"},{"taxonomy":"post_tag","embeddable":true,"href":"https:\/\/www.orhanucal.com\/tr\/wp-json\/wp\/v2\/tags?post=110"}],"curies":[{"name":"wp","href":"https:\/\/api.w.org\/{rel}","templated":true}]}}