{"id":162,"date":"2025-06-11T17:20:14","date_gmt":"2025-06-11T14:20:14","guid":{"rendered":"https:\/\/www.orhanucal.com\/tr\/?p=162"},"modified":"2025-06-11T17:20:43","modified_gmt":"2025-06-11T14:20:43","slug":"burun-estetigi-guven-duygusunun-gelismesine-de-yardimci-olabilir","status":"publish","type":"post","link":"https:\/\/www.orhanucal.com\/tr\/burun-estetigi-guven-duygusunun-gelismesine-de-yardimci-olabilir\/","title":{"rendered":"Burun Esteti\u011fi G\u00fcven Duygusunun Geli\u015fmesine De Yard\u0131mc\u0131 Olabilir"},"content":{"rendered":"<p>\u0130stanbul,17 Ekim, (DHA)-KULAK Burun Bo\u011faz ve Ba\u015f, Boyun Cerrahisi Uzman\u0131 Op. Dr. Yusuf Orhan U\u00e7al, rinoplastinin (burun esteti\u011fi) ki\u015finin kendine olan g\u00fcven duygusunun geli\u015fmesine de yard\u0131mc\u0131 olabilece\u011fini s\u00f6yledi.<br \/>\nBurun esteti\u011fi ameliyat\u0131n\u0131n, burnun \u015feklinin d\u00fczeltilmesinden \u00e7ok daha \u015fa\u015f\u0131rt\u0131c\u0131 yararlar sa\u011flayaca\u011f\u0131n\u0131 belirten Op. Dr. Yusuf Orhan U\u00e7al, rinoplastinin en belirgin faydalar\u0131n\u0131n y\u00fczde g\u00f6r\u00fclebilece\u011fini, kozmetik a\u00e7\u0131dan rinoplastinin, e\u011frilik olan, \u00e7ok b\u00fcy\u00fck veya \u00e7ok k\u00fc\u00e7\u00fck burnu olan hastalara yarar sa\u011flayabilece\u011fini s\u00f6yledi. Op. Dr. U\u00e7al, hastalar\u0131n burun \u015feklini d\u00fczeltmek amac\u0131yla burun esteti\u011fi yapt\u0131rmalar\u0131 i\u00e7in bir\u00e7ok farkl\u0131 nedenleri oldu\u011funu ve bunlar\u0131n burun boyutunu k\u00fc\u00e7\u00fcltmek, b\u00fcy\u00fckl\u00fc\u011f\u00fcn\u00fc artt\u0131rmak, burun ucu \u015feklini d\u00fczeltmek, burun deliklerinin b\u00fcy\u00fckl\u00fc\u011f\u00fcn\u00fc azaltmak veya geni\u015fletmek, burun ucunun a\u00e7\u0131s\u0131n\u0131 de\u011fi\u015ftirmek ve e\u011fri burnu d\u00fczeltmek oldu\u011funu s\u00f6yledi. Kolay bir nefes alman\u0131n sa\u011fl\u0131k \u00fczerinde b\u00fcy\u00fck yararlar\u0131 oldu\u011funu ifade eden Op. Dr. U\u00e7al, &#8220;Hepimizin daha iyi nefes almaya ihtiyac\u0131 var. Nefes almak daha iyi bir gece uykusu i\u00e7in bile olsa, sa\u011fl\u0131\u011f\u0131n\u0131z \u00fczerinde olumlu etki yarat\u0131r. Nefes almakta s\u0131k\u0131nt\u0131 \u00e7ekiyorsan\u0131z, bu durumun ne kadar zor oldu\u011funu da biliyorsunuz demektir. Uyku apnesine bir t\u00fcr burun kemi\u011fi sorunun neden olmas\u0131 durumunda burun esteti\u011fi cerrahi olarak problemi ortadan kald\u0131rarak solunumunuzu ve uyku d\u00fczeninizi iyile\u015ftirebilir\u201d diye konu\u015ftu. Ameliyat\u0131n duygusal sa\u011fl\u0131\u011fa da katk\u0131 sa\u011flayaca\u011f\u0131n\u0131 belirten U\u00e7al, rinoplastinin ki\u015finin kendine olan g\u00fcven duygusunun geli\u015fmesine de yard\u0131mc\u0131 olabilece\u011fini ifade etti.<br \/>\n<img loading=\"lazy\" decoding=\"async\" class=\"alignnone size-full wp-image-152\" src=\"https:\/\/www.orhanucal.com\/tr\/wp-content\/uploads\/2025\/06\/mynet.png\" alt=\"\" width=\"300\" height=\"150\" \/><\/p>\n","protected":false},"excerpt":{"rendered":"<p>\u0130stanbul,17 Ekim, (DHA)-KULAK Burun Bo\u011faz ve Ba\u015f, Boyun Cerrahisi Uzman\u0131 Op. Dr. Yusuf Orhan U\u00e7al, rinoplastinin (burun esteti\u011fi) ki\u015finin kendine olan g\u00fcven duygusunun geli\u015fmesine de yard\u0131mc\u0131 olabilece\u011fini s\u00f6yledi. Burun esteti\u011fi ameliyat\u0131n\u0131n, burnun \u015feklinin d\u00fczeltilmesinden \u00e7ok daha \u015fa\u015f\u0131rt\u0131c\u0131 yararlar sa\u011flayaca\u011f\u0131n\u0131 belirten Op. Dr. Yusuf Orhan U\u00e7al, rinoplastinin en belirgin faydalar\u0131n\u0131n y\u00fczde g\u00f6r\u00fclebilece\u011fini, kozmetik a\u00e7\u0131dan rinoplastinin, e\u011frilik [&hellip;]<\/p>\n","protected":false},"author":1,"featured_media":163,"comment_status":"open","ping_status":"open","sticky":false,"template":"","format":"standard","meta":{"footnotes":""},"categories":[2],"tags":[],"class_list":["post-162","post","type-post","status-publish","format-standard","has-post-thumbnail","hentry","category-basin"],"_links":{"self":[{"href":"https:\/\/www.orhanucal.com\/tr\/wp-json\/wp\/v2\/posts\/162","targetHints":{"allow":["GET"]}}],"collection":[{"href":"https:\/\/www.orhanucal.com\/tr\/wp-json\/wp\/v2\/posts"}],"about":[{"href":"https:\/\/www.orhanucal.com\/tr\/wp-json\/wp\/v2\/types\/post"}],"author":[{"embeddable":true,"href":"https:\/\/www.orhanucal.com\/tr\/wp-json\/wp\/v2\/users\/1"}],"replies":[{"embeddable":true,"href":"https:\/\/www.orhanucal.com\/tr\/wp-json\/wp\/v2\/comments?post=162"}],"version-history":[{"count":1,"href":"https:\/\/www.orhanucal.com\/tr\/wp-json\/wp\/v2\/posts\/162\/revisions"}],"predecessor-version":[{"id":164,"href":"https:\/\/www.orhanucal.com\/tr\/wp-json\/wp\/v2\/posts\/162\/revisions\/164"}],"wp:featuredmedia":[{"embeddable":true,"href":"https:\/\/www.orhanucal.com\/tr\/wp-json\/wp\/v2\/media\/163"}],"wp:attachment":[{"href":"https:\/\/www.orhanucal.com\/tr\/wp-json\/wp\/v2\/media?parent=162"}],"wp:term":[{"taxonomy":"category","embeddable":true,"href":"https:\/\/www.orhanucal.com\/tr\/wp-json\/wp\/v2\/categories?post=162"},{"taxonomy":"post_tag","embeddable":true,"href":"https:\/\/www.orhanucal.com\/tr\/wp-json\/wp\/v2\/tags?post=162"}],"curies":[{"name":"wp","href":"https:\/\/api.w.org\/{rel}","templated":true}]}}