{"id":171,"date":"2025-06-11T17:29:45","date_gmt":"2025-06-11T14:29:45","guid":{"rendered":"https:\/\/www.orhanucal.com\/tr\/?p=171"},"modified":"2025-06-11T17:29:45","modified_gmt":"2025-06-11T14:29:45","slug":"burun-estetigi-ameliyati-hastayi-psikolojik-yonden-tatmin-etmeli","status":"publish","type":"post","link":"https:\/\/www.orhanucal.com\/tr\/burun-estetigi-ameliyati-hastayi-psikolojik-yonden-tatmin-etmeli\/","title":{"rendered":"Burun Esteti\u011fi Ameliyat\u0131 Hastay\u0131 Psikolojik Y\u00f6nden Tatmin Etmeli"},"content":{"rendered":"<p>\u0130STANBUL, (DHA)-ESTET\u0130K operasyonlarda birincil \u015fart, hastan\u0131n psikolojik olarak operasyona haz\u0131r olmas\u0131 ve ne istedi\u011fini bilmesi gerekti\u011fi\u00a0 uzmanlarca \u00f6zellikle vurgulan\u0131yor. Ki\u015finin fiziksel yap\u0131s\u0131na, y\u00fcz simetrisine uygun tasarlanan burun yap\u0131s\u0131n\u0131n hastay\u0131 tatmin etmesi gerekti\u011fine dikkat \u00e7eken Kulak Burun Bo\u011faz ve Ba\u015f, Boyun Cerrahisi Uzman\u0131 Op. Dr. Yusuf Orhan U\u00e7al, &#8220;Hastalar\u0131n en b\u00fcy\u00fck \u015fans\u0131\u00a0burun esteti\u011finin (rinoplasti) \u00fclkemizde ve d\u00fcnya genelinde en s\u0131k yap\u0131lan estetik operasyonlar\u0131n ba\u015f\u0131nda gelmesidir&#8221; dedi.<\/p>\n<p>Burun esteti\u011fi ameliyatlar\u0131 t\u00fcm d\u00fcnyada kad\u0131n ve erkeklerin en \u00e7ok yapt\u0131\u011f\u0131 operasyonlardan. Kulak Burun Bo\u011faz ve Ba\u015f, Boyun Cerrahisi Uzman\u0131 Op. Dr. Yusuf Orhan U\u00e7al, ara\u015ft\u0131rma yaparken daha \u00f6nce burun esteti\u011fi yapm\u0131\u015f y\u00fczlerce ki\u015finin hikayesini \u00f6\u011frenebileceklerini, s\u00fcre\u00e7 hakk\u0131nda fikir edinebileceklerini vurgulayarak , burun esteti\u011finin s\u0131k yap\u0131lan operasyonlar\u0131n ba\u015f\u0131nda gelmesi ve ileti\u015fim imkanlar\u0131n\u0131n \u00e7e\u015fitlili\u011fi nedeniyle bilgiye ula\u015f\u0131m\u0131nkolayla\u015ft\u0131\u011f\u0131n\u0131 belirtti.<\/p>\n<div id=\"ez-toc-container\" class=\"ez-toc-v2_0_82_2 counter-flat ez-toc-counter ez-toc-grey ez-toc-container-direction\">\n<div class=\"ez-toc-title-container\">\n<p class=\"ez-toc-title\" style=\"cursor:inherit\">\u0130\u00e7indekiler<\/p>\n<span class=\"ez-toc-title-toggle\"><a href=\"#\" class=\"ez-toc-pull-right ez-toc-btn ez-toc-btn-xs ez-toc-btn-default ez-toc-toggle\" aria-label=\"\u0130\u00e7indekiler Tablosunu A\u00e7\/Kapat\"><span class=\"ez-toc-js-icon-con\"><span class=\"\"><span class=\"eztoc-hide\" style=\"display:none;\">Toggle<\/span><span class=\"ez-toc-icon-toggle-span\"><svg style=\"fill: #999;color:#999\" xmlns=\"http:\/\/www.w3.org\/2000\/svg\" class=\"list-377408\" width=\"20px\" height=\"20px\" viewBox=\"0 0 24 24\" fill=\"none\"><path d=\"M6 6H4v2h2V6zm14 0H8v2h12V6zM4 11h2v2H4v-2zm16 0H8v2h12v-2zM4 16h2v2H4v-2zm16 0H8v2h12v-2z\" fill=\"currentColor\"><\/path><\/svg><svg style=\"fill: #999;color:#999\" class=\"arrow-unsorted-368013\" xmlns=\"http:\/\/www.w3.org\/2000\/svg\" width=\"10px\" height=\"10px\" viewBox=\"0 0 24 24\" version=\"1.2\" baseProfile=\"tiny\"><path d=\"M18.2 9.3l-6.2-6.3-6.2 6.3c-.2.2-.3.4-.3.7s.1.5.3.7c.2.2.4.3.7.3h11c.3 0 .5-.1.7-.3.2-.2.3-.5.3-.7s-.1-.5-.3-.7zM5.8 14.7l6.2 6.3 6.2-6.3c.2-.2.3-.5.3-.7s-.1-.5-.3-.7c-.2-.2-.4-.3-.7-.3h-11c-.3 0-.5.1-.7.3-.2.2-.3.5-.3.7s.1.5.3.7z\"\/><\/svg><\/span><\/span><\/span><\/a><\/span><\/div>\n<nav><ul class='ez-toc-list ez-toc-list-level-1 eztoc-toggle-hide-by-default' ><li class='ez-toc-page-1'><a class=\"ez-toc-link ez-toc-heading-1\" href=\"https:\/\/www.orhanucal.com\/tr\/burun-estetigi-ameliyati-hastayi-psikolojik-yonden-tatmin-etmeli\/#Butun_Bakislarin_Burnunda_Toplandigini_Dusunen_Ki%CC%87si%CC%87ni%CC%87n_Kendi%CC%87ni%CC%87_Iyi%CC%87_Hi%CC%87ssetmesi%CC%87_Mumkun_Degi%CC%87ldi%CC%87r\" >B\u00fct\u00fcn Bak\u0131\u015flar\u0131n Burnunda Topland\u0131\u011f\u0131n\u0131 D\u00fc\u015f\u00fcnen Ki\u0307\u015fi\u0307ni\u0307n Kendi\u0307ni\u0307 I\u0307yi\u0307 Hi\u0307ssetmesi\u0307 M\u00fcmk\u00fcn De\u011fi\u0307ldi\u0307r<\/a><\/li><li class='ez-toc-page-1'><a class=\"ez-toc-link ez-toc-heading-2\" href=\"https:\/\/www.orhanucal.com\/tr\/burun-estetigi-ameliyati-hastayi-psikolojik-yonden-tatmin-etmeli\/#Ki%CC%87si%CC%87ye_Ozel_Burunlar_Tasarlaniyor\" >Ki\u0307\u015fi\u0307ye \u00d6zel Burunlar Tasarlan\u0131yor<\/a><\/li><li class='ez-toc-page-1'><a class=\"ez-toc-link ez-toc-heading-3\" href=\"https:\/\/www.orhanucal.com\/tr\/burun-estetigi-ameliyati-hastayi-psikolojik-yonden-tatmin-etmeli\/#Bi%CC%87lgi%CC%87_Ki%CC%87rli%CC%87li%CC%87gi%CC%87_Nedeni%CC%87yle_Hastalarin_Kafasi_Karisabi%CC%87li%CC%87r\" >Bi\u0307lgi\u0307 Ki\u0307rli\u0307li\u0307\u011fi\u0307 Nedeni\u0307yle Hastalar\u0131n Kafas\u0131 Kar\u0131\u015fabi\u0307li\u0307r<\/a><\/li><\/ul><\/nav><\/div>\n<h2><span class=\"ez-toc-section\" id=\"Butun_Bakislarin_Burnunda_Toplandigini_Dusunen_Ki%CC%87si%CC%87ni%CC%87n_Kendi%CC%87ni%CC%87_Iyi%CC%87_Hi%CC%87ssetmesi%CC%87_Mumkun_Degi%CC%87ldi%CC%87r\"><\/span><strong>B\u00fct\u00fcn Bak\u0131\u015flar\u0131n Burnunda Topland\u0131\u011f\u0131n\u0131 D\u00fc\u015f\u00fcnen Ki\u0307\u015fi\u0307ni\u0307n Kendi\u0307ni\u0307 I\u0307yi\u0307 Hi\u0307ssetmesi\u0307 M\u00fcmk\u00fcn De\u011fi\u0307ldi\u0307r<\/strong><span class=\"ez-toc-section-end\"><\/span><\/h2>\n<p>Tak\u0131nt\u0131 haline getirdi\u011fi burun yap\u0131s\u0131 nedeniyle \u00f6zg\u00fcven kavram\u0131n\u0131 i\u00e7selle\u015ftiremeyen ki\u015finin sosyal ya\u015famda ba\u015far\u0131s\u0131z, kendini ifade etmekte zorlanan, i\u00e7ine kapan\u0131k biri oldu\u011funu dile getiren U\u00e7al, tan\u0131\u015fma anlar\u0131nda kendine g\u00fcvensiz olabilece\u011fini ve topluluk i\u00e7inde gergin davranabilece\u011fini s\u00f6zlerine ekledi.<\/p>\n<p>\u2018\u2019Foto\u011fraf \u00e7ekimlerinde burnumu nas\u0131l saklayabilirim ya da profilden poz vermeyeyim gibi tedirginlikler nedeniyle do\u011fal davranamaz. Gerginli\u011fi her hareketine yans\u0131d\u0131\u011f\u0131ndan \u00e7evresinde de negatif bir etki yarat\u0131r\u2019\u2019\u015feklinde a\u00e7\u0131klamalarda bulunan Op. Dr. Yusuf Orhan U\u00e7al, \u00e7aresi olan bir sorunun \u00e7\u00f6z\u00fcm\u00fcn\u00fc ertelemenin, yaln\u0131zca zaman kayb\u0131 oldu\u011funu vurgulad\u0131.<\/p>\n<p>U\u00e7al, burun esteti\u011finin bu denli yayg\u0131n olmas\u0131 nedeniyle herkesin kolayca ula\u015fabilece\u011fi klinik ve hekimleri de beraberinde getirdi\u011fini, makul b\u00fct\u00e7elerle g\u00fcvenilir ve ba\u015far\u0131l\u0131 sonu\u00e7lar elde etmenin m\u00fcmk\u00fcn oldu\u011funu ifade etti.<\/p>\n<h2><span class=\"ez-toc-section\" id=\"Ki%CC%87si%CC%87ye_Ozel_Burunlar_Tasarlaniyor\"><\/span><strong>Ki\u0307\u015fi\u0307ye \u00d6zel Burunlar Tasarlan\u0131yor<\/strong><span class=\"ez-toc-section-end\"><\/span><\/h2>\n<p>Geli\u015fen teknoloji ve y\u00f6ntemler ile art\u0131k estetik cerrahide harikalar yarat\u0131lmaktad\u0131r. Hekimler ki\u015finin fiziksel yap\u0131s\u0131n\u0131, y\u00fcz simetrisini de dikkate alarak ki\u015fiye \u00f6zel burun tasarlar.\u00a0 Op. Dr. Yusuf Orhan U\u00e7al, \u2018\u2019Toplum i\u00e7inde kabul g\u00f6rme, onanma, be\u011fenilme iste\u011fi estetik kayg\u0131lar\u0131 tetikler. Burnunda \u015fekil bozuklu\u011fu oldu\u011funu d\u00fc\u015f\u00fcnen ki\u015fi burnunu kamufle etmek i\u00e7in \u00fcst\u00fcn \u00e7aba harcad\u0131\u011f\u0131ndan huzursuz ve kayg\u0131l\u0131d\u0131r. Burunda estetik haricinde fonksiyonel bozukluk da var ise nefes ve koku almada zorluk, ses tonunda problem ya da genizden konu\u015fma, ba\u015f a\u011fr\u0131s\u0131 ya da s\u0131k s\u0131k \u00fcst solunum yolu enfeksiyonlar\u0131 g\u00f6r\u00fclebildi\u011finden ki\u015finin ya\u015fam kalitesi d\u00fc\u015fer\u2019\u2019 dedi.<\/p>\n<p>Hastalar\u0131n ameliyat \u00f6ncesi \u00e7evresinden \u00e7ok kolay etkilendi\u011fini, olumlu olumsuz her yoruma odaklanabileceklerini, karar verip vazge\u00e7ebileceklerini veya erteleyebileceklerini anlatan U\u00e7al, ameliyat\u0131n gereklili\u011finden emin olsa da sonu\u00e7ta beklentisinin ger\u00e7ekle\u015fece\u011finden emin olamad\u0131\u011f\u0131n\u0131 s\u00f6zlerine ekledi.<\/p>\n<h3><span class=\"ez-toc-section\" id=\"Bi%CC%87lgi%CC%87_Ki%CC%87rli%CC%87li%CC%87gi%CC%87_Nedeni%CC%87yle_Hastalarin_Kafasi_Karisabi%CC%87li%CC%87r\"><\/span><strong>Bi\u0307lgi\u0307 Ki\u0307rli\u0307li\u0307\u011fi\u0307 Nedeni\u0307yle Hastalar\u0131n Kafas\u0131 Kar\u0131\u015fabi\u0307li\u0307r<\/strong><span class=\"ez-toc-section-end\"><\/span><\/h3>\n<p>Burun esteti\u011fi yapan klinik ve doktor say\u0131s\u0131n\u0131n artmas\u0131n\u0131n, \u00f6nceki y\u0131llara g\u00f6re yap\u0131lan i\u015fin kalitesinin artmas\u0131n\u0131 zorunlu k\u0131ld\u0131\u011f\u0131n\u0131 dile getiren Op. Dr. U\u00e7al, ameliyat sonras\u0131n\u0131n art\u0131k daha rahat atlat\u0131ld\u0131\u011f\u0131n\u0131 delikli tamponlar sayesinde nefes alman\u0131n kolayla\u015ft\u0131\u011f\u0131n\u0131, y\u00fczde ve g\u00f6z \u00e7evresinde olu\u015fan morluklar\u0131n ge\u00e7mi\u015f zamanlarda yap\u0131lan ameliyatlara oranla azald\u0131\u011f\u0131n\u0131 s\u00f6yledi. \u00a0U\u00e7al, bu durumun hasta i\u00e7in olumlu bir geli\u015fme oldu\u011funa, cerrahi operasyondan korkan hassas ki\u015fileri rahatlatt\u0131\u011f\u0131na dikkat \u00e7ekti. \u2018\u2019Tamponlar al\u0131nd\u0131ktan sonra ortalama 2-3 hafta d\u00f6nemsel t\u0131kan\u0131kl\u0131klar ve kabuklanmalar ya\u015fayan hastalar bir an \u00f6nce sonucu g\u00f6rmeye odaklan\u0131r\u2019\u2019 diyen Op. Dr. Yusuf Orhan U\u00e7al, atellerin al\u0131nmas\u0131n\u0131n ard\u0131ndan aynaya bak\u0131ld\u0131\u011f\u0131nda yabanc\u0131l\u0131k hissi ya\u015fanabilece\u011finin alt\u0131n\u0131 \u00e7izdi. Burun esteti\u011fi yapt\u0131ranlar\u0131n psikolojilerindeki olumlu de\u011fi\u015fimin \u00e7evresindekiler taraf\u0131ndan kolayca g\u00f6zlemlenebilece\u011fini, ki\u015finin kendine olan g\u00fcveninin artaca\u011f\u0131n\u0131 vurgulayan U\u00e7al, art\u0131k bir tak\u0131nt\u0131s\u0131 olmad\u0131\u011f\u0131ndan \u00e7evresine ve i\u015fine kolayca motive olabilece\u011fini, poz vermekten \u00e7ekinmeyece\u011fini, yeni biriyle tan\u0131\u015f\u0131rken kendini kasmayaca\u011f\u0131n\u0131 ve topluluk i\u00e7inde daha rahat konu\u015fabilece\u011fini belirtti.<br \/>\n<img loading=\"lazy\" decoding=\"async\" class=\"alignnone size-full wp-image-111\" src=\"https:\/\/www.orhanucal.com\/tr\/wp-content\/uploads\/2025\/06\/dha.png\" alt=\"\" width=\"300\" height=\"150\" \/><\/p>\n","protected":false},"excerpt":{"rendered":"<p>\u0130STANBUL, (DHA)-ESTET\u0130K operasyonlarda birincil \u015fart, hastan\u0131n psikolojik olarak operasyona haz\u0131r olmas\u0131 ve ne istedi\u011fini bilmesi gerekti\u011fi\u00a0 uzmanlarca \u00f6zellikle vurgulan\u0131yor. Ki\u015finin fiziksel yap\u0131s\u0131na, y\u00fcz simetrisine uygun tasarlanan burun yap\u0131s\u0131n\u0131n hastay\u0131 tatmin etmesi gerekti\u011fine dikkat \u00e7eken Kulak Burun Bo\u011faz ve Ba\u015f, Boyun Cerrahisi Uzman\u0131 Op. Dr. Yusuf Orhan U\u00e7al, &#8220;Hastalar\u0131n en b\u00fcy\u00fck \u015fans\u0131\u00a0burun esteti\u011finin (rinoplasti) \u00fclkemizde ve [&hellip;]<\/p>\n","protected":false},"author":1,"featured_media":172,"comment_status":"open","ping_status":"open","sticky":false,"template":"","format":"standard","meta":{"footnotes":""},"categories":[2],"tags":[],"class_list":["post-171","post","type-post","status-publish","format-standard","has-post-thumbnail","hentry","category-basin"],"_links":{"self":[{"href":"https:\/\/www.orhanucal.com\/tr\/wp-json\/wp\/v2\/posts\/171","targetHints":{"allow":["GET"]}}],"collection":[{"href":"https:\/\/www.orhanucal.com\/tr\/wp-json\/wp\/v2\/posts"}],"about":[{"href":"https:\/\/www.orhanucal.com\/tr\/wp-json\/wp\/v2\/types\/post"}],"author":[{"embeddable":true,"href":"https:\/\/www.orhanucal.com\/tr\/wp-json\/wp\/v2\/users\/1"}],"replies":[{"embeddable":true,"href":"https:\/\/www.orhanucal.com\/tr\/wp-json\/wp\/v2\/comments?post=171"}],"version-history":[{"count":1,"href":"https:\/\/www.orhanucal.com\/tr\/wp-json\/wp\/v2\/posts\/171\/revisions"}],"predecessor-version":[{"id":173,"href":"https:\/\/www.orhanucal.com\/tr\/wp-json\/wp\/v2\/posts\/171\/revisions\/173"}],"wp:featuredmedia":[{"embeddable":true,"href":"https:\/\/www.orhanucal.com\/tr\/wp-json\/wp\/v2\/media\/172"}],"wp:attachment":[{"href":"https:\/\/www.orhanucal.com\/tr\/wp-json\/wp\/v2\/media?parent=171"}],"wp:term":[{"taxonomy":"category","embeddable":true,"href":"https:\/\/www.orhanucal.com\/tr\/wp-json\/wp\/v2\/categories?post=171"},{"taxonomy":"post_tag","embeddable":true,"href":"https:\/\/www.orhanucal.com\/tr\/wp-json\/wp\/v2\/tags?post=171"}],"curies":[{"name":"wp","href":"https:\/\/api.w.org\/{rel}","templated":true}]}}