{"id":264,"date":"2025-06-25T19:18:44","date_gmt":"2025-06-25T16:18:44","guid":{"rendered":"https:\/\/www.orhanucal.com\/tr\/?p=264"},"modified":"2025-06-26T12:15:06","modified_gmt":"2025-06-26T09:15:06","slug":"orta-yuz-germe-ameliyati-fiyat","status":"publish","type":"post","link":"https:\/\/www.orhanucal.com\/tr\/orta-yuz-germe-ameliyati-fiyat\/","title":{"rendered":"Orta Y\u00fcz Germe Ameliyat\u0131"},"content":{"rendered":"<div id=\"ez-toc-container\" class=\"ez-toc-v2_0_82_2 counter-flat ez-toc-counter ez-toc-grey ez-toc-container-direction\">\n<div class=\"ez-toc-title-container\">\n<p class=\"ez-toc-title\" style=\"cursor:inherit\">\u0130\u00e7indekiler<\/p>\n<span class=\"ez-toc-title-toggle\"><a href=\"#\" class=\"ez-toc-pull-right ez-toc-btn ez-toc-btn-xs ez-toc-btn-default ez-toc-toggle\" aria-label=\"\u0130\u00e7indekiler Tablosunu A\u00e7\/Kapat\"><span class=\"ez-toc-js-icon-con\"><span class=\"\"><span class=\"eztoc-hide\" style=\"display:none;\">Toggle<\/span><span class=\"ez-toc-icon-toggle-span\"><svg style=\"fill: #999;color:#999\" xmlns=\"http:\/\/www.w3.org\/2000\/svg\" class=\"list-377408\" width=\"20px\" height=\"20px\" viewBox=\"0 0 24 24\" fill=\"none\"><path d=\"M6 6H4v2h2V6zm14 0H8v2h12V6zM4 11h2v2H4v-2zm16 0H8v2h12v-2zM4 16h2v2H4v-2zm16 0H8v2h12v-2z\" fill=\"currentColor\"><\/path><\/svg><svg style=\"fill: #999;color:#999\" class=\"arrow-unsorted-368013\" xmlns=\"http:\/\/www.w3.org\/2000\/svg\" width=\"10px\" height=\"10px\" viewBox=\"0 0 24 24\" version=\"1.2\" baseProfile=\"tiny\"><path d=\"M18.2 9.3l-6.2-6.3-6.2 6.3c-.2.2-.3.4-.3.7s.1.5.3.7c.2.2.4.3.7.3h11c.3 0 .5-.1.7-.3.2-.2.3-.5.3-.7s-.1-.5-.3-.7zM5.8 14.7l6.2 6.3 6.2-6.3c.2-.2.3-.5.3-.7s-.1-.5-.3-.7c-.2-.2-.4-.3-.7-.3h-11c-.3 0-.5.1-.7.3-.2.2-.3.5-.3.7s.1.5.3.7z\"\/><\/svg><\/span><\/span><\/span><\/a><\/span><\/div>\n<nav><ul class='ez-toc-list ez-toc-list-level-1 eztoc-toggle-hide-by-default' ><li class='ez-toc-page-1'><a class=\"ez-toc-link ez-toc-heading-1\" href=\"https:\/\/www.orhanucal.com\/tr\/orta-yuz-germe-ameliyati-fiyat\/#Orta_Yuz_Germe_Ameliyati_Nedir\" >Orta Y\u00fcz Germe Ameliyat\u0131 Nedir?<\/a><\/li><li class='ez-toc-page-1'><a class=\"ez-toc-link ez-toc-heading-2\" href=\"https:\/\/www.orhanucal.com\/tr\/orta-yuz-germe-ameliyati-fiyat\/#Neden_Orta_Yuz_Germe_Ameliyatina_Ihtiyac_Duyulur\" >Neden Orta Y\u00fcz Germe Ameliyat\u0131na \u0130htiya\u00e7 Duyulur?<\/a><\/li><li class='ez-toc-page-1'><a class=\"ez-toc-link ez-toc-heading-3\" href=\"https:\/\/www.orhanucal.com\/tr\/orta-yuz-germe-ameliyati-fiyat\/#Orta_Yuz_Germe_Ameliyati_Sonrasi_Yuzde_Nasil_Bir_Degisim_Olur\" >Orta Y\u00fcz Germe Ameliyat\u0131 Sonras\u0131 Y\u00fczde Nas\u0131l Bir De\u011fi\u015fim Olur?<\/a><\/li><li class='ez-toc-page-1'><a class=\"ez-toc-link ez-toc-heading-4\" href=\"https:\/\/www.orhanucal.com\/tr\/orta-yuz-germe-ameliyati-fiyat\/#Orta_Yuz_Germe_Ameliyatinda_Doktor_Seciminin_Onemi\" >Orta Y\u00fcz Germe Ameliyat\u0131nda Doktor Se\u00e7iminin \u00d6nemi<\/a><\/li><li class='ez-toc-page-1'><a class=\"ez-toc-link ez-toc-heading-5\" href=\"https:\/\/www.orhanucal.com\/tr\/orta-yuz-germe-ameliyati-fiyat\/#Orta_Yuz_Germe_Ameliyati_Hangi_Islemlerle_Kombine_Edilebilir\" >Orta Y\u00fcz Germe Ameliyat\u0131 Hangi \u0130\u015flemlerle Kombine Edilebilir?<\/a><\/li><li class='ez-toc-page-1'><a class=\"ez-toc-link ez-toc-heading-6\" href=\"https:\/\/www.orhanucal.com\/tr\/orta-yuz-germe-ameliyati-fiyat\/#Orta_Yuz_Germe_Ameliyati_Fiyatlarini_Etkileyen_Faktorler\" >Orta Y\u00fcz Germe Ameliyat\u0131 Fiyatlar\u0131n\u0131 Etkileyen Fakt\u00f6rler<\/a><\/li><\/ul><\/nav><\/div>\n<h2><span class=\"ez-toc-section\" id=\"Orta_Yuz_Germe_Ameliyati_Nedir\"><\/span>Orta Y\u00fcz Germe Ameliyat\u0131 Nedir?<span class=\"ez-toc-section-end\"><\/span><\/h2>\n<p><strong><a href=\"https:\/\/www.orhanucal.com\/tr\/orta-yuz-germe-ameliyati-fiyat\/\">Orta Y\u00fcz Germe Ameliyat\u0131<\/a> :<\/strong> Zamanla yer\u00e7ekimi, ya\u015flanma ve cilt elastikiyetinin kayb\u0131, y\u00fcz\u00fcn orta b\u00f6l\u00fcm\u00fcnde sarkmalar ve hacim kay\u0131plar\u0131na neden olur. \u00d6zellikle elmac\u0131k kemiklerinin alt\u0131ndaki b\u00f6lgede \u00e7\u00f6kme, yanaklarda a\u015fa\u011f\u0131 do\u011fru sarkma ve nazolabial \u00e7izgilerin derinle\u015fmesi ki\u015fiyi oldu\u011fundan daha yorgun ve ya\u015fl\u0131 g\u00f6sterebilir. Orta y\u00fcz germe ameliyat\u0131, y\u00fcz\u00fcn bu b\u00f6lgesindeki ya\u015flanma belirtilerini ortadan kald\u0131rmak i\u00e7in uygulanan etkili bir cerrahi y\u00f6ntemdir.<\/p>\n<p>Orta y\u00fcz germe ameliyat\u0131, yanaklar\u0131n yukar\u0131 do\u011fru kald\u0131r\u0131lmas\u0131, elmac\u0131k kemiklerinin daha belirgin hale getirilmesi ve y\u00fcz\u00fcn orta k\u0131sm\u0131n\u0131n gen\u00e7le\u015ftirilmesi amac\u0131yla uygulan\u0131r. Bu i\u015flem, y\u00fcz\u00fcn alt k\u0131sm\u0131na ve boyun b\u00f6lgesine m\u00fcdahale etmeden, yaln\u0131zca orta y\u00fcz hatt\u0131na odaklan\u0131r. Op. Dr. Yusuf Orhan U\u00e7al\u2019\u0131n uzmanl\u0131\u011f\u0131nda ger\u00e7ekle\u015ftirilen bu ameliyat, do\u011fal bir gen\u00e7le\u015fme ve y\u00fczde daha dinamik bir ifade sa\u011flar.<\/p>\n<h2><span class=\"ez-toc-section\" id=\"Neden_Orta_Yuz_Germe_Ameliyatina_Ihtiyac_Duyulur\"><\/span>Neden Orta Y\u00fcz Germe Ameliyat\u0131na \u0130htiya\u00e7 Duyulur?<span class=\"ez-toc-section-end\"><\/span><\/h2>\n<p>Y\u00fczdeki ya\u015flanma s\u00fcreci genellikle g\u00f6z \u00e7evresi ve orta y\u00fcz b\u00f6lgesinde ba\u015flar. \u00d6zellikle yanaklar\u0131n sarkmas\u0131, g\u00f6z alt\u0131 ile yanak aras\u0131ndaki hatt\u0131n belirginle\u015fmesi ve nazolabial \u00e7izgilerin derinle\u015fmesi, ki\u015fiyi oldu\u011fundan daha yorgun, mutsuz ve ya\u015fl\u0131 g\u00f6sterebilir. Bu sorunlar makyajla veya ge\u00e7ici dolgu uygulamalar\u0131yla k\u0131sa vadede kamufle edilebilse de, kal\u0131c\u0131 ve etkili \u00e7\u00f6z\u00fcm i\u00e7in orta y\u00fcz germe ameliyat\u0131 devreye girer.<\/p>\n<p>Bu ameliyat sayesinde y\u00fcz daha gen\u00e7, daha canl\u0131 ve daha s\u0131k\u0131 bir g\u00f6r\u00fcn\u00fcme kavu\u015fur. \u00dcstelik tamamen do\u011fal ve ki\u015finin kendi y\u00fcz yap\u0131s\u0131yla uyumlu sonu\u00e7lar elde edilir. \u00c7\u00fcnk\u00fc iyi bir y\u00fcz gen\u00e7le\u015ftirme ameliyat\u0131, ki\u015finin ifadesini de\u011fi\u015ftirmeden, sadece y\u00fcz\u00fcn zamanla kaybolan dinamiklerini geri kazand\u0131r\u0131r.<\/p>\n<h3><span class=\"ez-toc-section\" id=\"Orta_Yuz_Germe_Ameliyati_Sonrasi_Yuzde_Nasil_Bir_Degisim_Olur\"><\/span>Orta Y\u00fcz Germe Ameliyat\u0131 Sonras\u0131 Y\u00fczde Nas\u0131l Bir De\u011fi\u015fim Olur?<span class=\"ez-toc-section-end\"><\/span><\/h3>\n<p>Ameliyat sonras\u0131nda yanaklar daha yukar\u0131 konumlan\u0131r, elmac\u0131k kemikleri belirginle\u015fir ve g\u00f6z alt\u0131 ile yanak aras\u0131ndaki ge\u00e7i\u015f daha yumu\u015fak hale gelir. B\u00f6ylece daha gen\u00e7, daha dinamik ve daha sa\u011fl\u0131kl\u0131 bir y\u00fcz ifadesi olu\u015fur. Nazolabial b\u00f6lgede yani burun kenar\u0131ndan a\u011f\u0131z k\u00f6\u015fesine inen \u00e7izgiler g\u00f6zle g\u00f6r\u00fcl\u00fcr \u015fekilde hafifler. Cilt daha s\u0131k\u0131, y\u00fcz hatlar\u0131 ise daha dengeli ve estetik bir forma kavu\u015fur.<\/p>\n<p>Op. Dr. Yusuf Orhan U\u00e7al\u2019\u0131n uygulad\u0131\u011f\u0131 cerrahi teknikler sayesinde sonu\u00e7lar her zaman do\u011fal g\u00f6r\u00fcn\u00fcr. Ameliyat sonras\u0131nda insanlar \u2018estetik olmu\u015f\u2019 de\u011fil, \u2018\u00e7ok din\u00e7, gen\u00e7 ve enerjik g\u00f6r\u00fcn\u00fcyorsun\u2019 \u015feklinde yorumlar yapar.<\/p>\n<h4><span class=\"ez-toc-section\" id=\"Orta_Yuz_Germe_Ameliyatinda_Doktor_Seciminin_Onemi\"><\/span>Orta Y\u00fcz Germe Ameliyat\u0131nda Doktor Se\u00e7iminin \u00d6nemi<span class=\"ez-toc-section-end\"><\/span><\/h4>\n<p>Orta y\u00fcz germe, teknik olarak derin dokular\u0131n ve cilt alt\u0131 yap\u0131lar\u0131n yukar\u0131 ta\u015f\u0131nmas\u0131n\u0131 gerektiren olduk\u00e7a hassas bir operasyondur. Bu nedenle doktor se\u00e7imi bu ameliyat\u0131n ba\u015far\u0131s\u0131nda kritik bir rol oynar. Y\u00fcz anatomisine hakim, do\u011fal oranlar\u0131 bilen ve cerrahi tecr\u00fcbesi y\u00fcksek bir uzmanla \u00e7al\u0131\u015fmak, ameliyat\u0131n hem g\u00fcvenli\u011fini hem de estetik ba\u015far\u0131s\u0131n\u0131 do\u011frudan etkiler.<\/p>\n<p>Op. Dr. Yusuf Orhan U\u00e7al, y\u0131llard\u0131r yapt\u0131\u011f\u0131 y\u00fcz esteti\u011fi ameliyatlar\u0131ndaki tecr\u00fcbesiyle, y\u00fcz\u00fcn do\u011fal yap\u0131s\u0131n\u0131 bozmadan, abart\u0131s\u0131z ve ki\u015fiye \u00f6zel sonu\u00e7lar elde etmeye odaklan\u0131r. Her hastan\u0131n y\u00fcz yap\u0131s\u0131, cilt yap\u0131s\u0131 ve beklentisi farkl\u0131 oldu\u011fu i\u00e7in ameliyat \u00f6ncesinde kapsaml\u0131 bir de\u011ferlendirme ve detayl\u0131 bir planlama s\u00fcreci y\u00fcr\u00fct\u00fcl\u00fcr.<\/p>\n<h4><span class=\"ez-toc-section\" id=\"Orta_Yuz_Germe_Ameliyati_Hangi_Islemlerle_Kombine_Edilebilir\"><\/span>Orta Y\u00fcz Germe Ameliyat\u0131 Hangi \u0130\u015flemlerle Kombine Edilebilir?<span class=\"ez-toc-section-end\"><\/span><\/h4>\n<p>Orta y\u00fcz germe ameliyat\u0131, tek ba\u015f\u0131na olduk\u00e7a etkili olsa da \u00e7o\u011fu zaman y\u00fcz\u00fcn genel estetik b\u00fct\u00fcnl\u00fc\u011f\u00fcn\u00fc sa\u011flamak amac\u0131yla di\u011fer cerrahi ve cerrahi olmayan i\u015flemlerle kombine edilebilir. Bu ameliyat en s\u0131k g\u00f6z kapa\u011f\u0131 esteti\u011fi (blefaroplasti) ile birlikte uygulan\u0131r. \u00c7\u00fcnk\u00fc g\u00f6z \u00e7evresi ve orta y\u00fcz, ya\u015flanma belirtilerini genellikle birlikte g\u00f6sterir ve bu kombinasyon daha dengeli ve gen\u00e7 bir g\u00f6r\u00fcn\u00fcm sa\u011flar.<\/p>\n<p>Ayr\u0131ca badem g\u00f6z esteti\u011fi ile g\u00f6zlerin daha \u00e7ekik ve dinamik bir g\u00f6r\u00fcn\u00fcm kazanmas\u0131 sa\u011flanabilir. Y\u00fczdeki hacim kayb\u0131n\u0131 dengelemek i\u00e7in ise y\u00fcze ya\u011f enjeksiyonu s\u0131kl\u0131kla tercih edilir. Bu sayede sadece sarkmalar giderilmez, ayn\u0131 zamanda hacim kayb\u0131 da do\u011fal bir \u015fekilde yerine konmu\u015f olur.<\/p>\n<p>Orta y\u00fcz germe ameliyat\u0131 bazen \u00e7ene implant\u0131 veya \u00e7ene hatt\u0131 esteti\u011fi ile de desteklenebilir. Bu kombinasyon, y\u00fcz\u00fcn alt ve orta b\u00f6lgesinin daha dengeli, daha gen\u00e7 ve daha belirgin g\u00f6r\u00fcnmesini sa\u011flar. Gerekli durumlarda endoskopik ka\u015f kald\u0131rma da eklenerek \u00fcst y\u00fcz ile orta y\u00fcz aras\u0131nda m\u00fckemmel bir denge yakalanabilir.<\/p>\n<p>Bu t\u00fcr kombinasyonlar tamamen ki\u015fiye \u00f6zel olarak planlan\u0131r ve hedef, y\u00fcz\u00fcn t\u00fcm b\u00f6lgelerinde ayn\u0131 anda gen\u00e7 ve dinamik bir etki yaratmakt\u0131r.<\/p>\n<p><strong>Ameliyat \u00d6ncesi Planlama S\u00fcreci<\/strong><\/p>\n<p>Ameliyat \u00f6ncesinde detayl\u0131 bir y\u00fcz analizi yap\u0131l\u0131r. Cilt yap\u0131s\u0131, y\u00fcz\u00fcn kemik yap\u0131s\u0131, sarkma d\u00fczeyi ve hastan\u0131n beklentileri titizlikle de\u011ferlendirilir. Bu s\u00fcre\u00e7te Op. Dr. Yusuf Orhan U\u00e7al, hastas\u0131na i\u015flemin nas\u0131l yap\u0131laca\u011f\u0131n\u0131, y\u00fcz\u00fcnde nas\u0131l bir de\u011fi\u015fim olaca\u011f\u0131n\u0131 ve iyile\u015fme s\u00fcrecinin nas\u0131l ilerleyece\u011fini t\u00fcm \u015feffafl\u0131\u011f\u0131yla anlat\u0131r. Bu sayede hasta, s\u00fcrece tam bir g\u00fcvenle ve bilin\u00e7li \u015fekilde ba\u015flar.<\/p>\n<p><strong>Endoskopik Orta Y\u00fcz Germe Ameliyat\u0131 Nas\u0131l Yap\u0131l\u0131r?<\/strong><\/p>\n<p>Ameliyat genellikle genel anestezi alt\u0131nda uygulan\u0131r ve s\u00fcresi ortalama 2 ila 3 saat aras\u0131nda de\u011fi\u015fir. Cerrahi giri\u015fimler genellikle sa\u00e7l\u0131 deri i\u00e7erisinden veya g\u00f6z kenar\u0131ndaki do\u011fal k\u0131vr\u0131mlardan ger\u00e7ekle\u015ftirilir. Bu sayede ameliyat sonras\u0131 izler g\u00f6r\u00fcnmez veya \u00e7ok minimal seviyede kal\u0131r.<\/p>\n<p>Operasyon s\u0131ras\u0131nda yanak b\u00f6lgesindeki dokular yukar\u0131 do\u011fru ta\u015f\u0131n\u0131r ve daha gen\u00e7 bir kontura kavu\u015fturulur. Cilt alt\u0131ndaki ba\u011f dokusu ve kas yap\u0131s\u0131 da s\u0131k\u0131la\u015ft\u0131r\u0131l\u0131r. B\u00f6ylece sadece y\u00fczeysel bir germe de\u011fil, derin dokulara y\u00f6nelik kal\u0131c\u0131 ve do\u011fal bir gen\u00e7le\u015ftirme sa\u011flan\u0131r.<\/p>\n<h4><span class=\"ez-toc-section\" id=\"Orta_Yuz_Germe_Ameliyati_Fiyatlarini_Etkileyen_Faktorler\"><\/span>Orta Y\u00fcz Germe Ameliyat\u0131 Fiyatlar\u0131n\u0131 Etkileyen Fakt\u00f6rler<span class=\"ez-toc-section-end\"><\/span><\/h4>\n<p>Ameliyat\u0131n maliyeti, uygulanacak teknik detaylara, hastanenin altyap\u0131s\u0131na ve cerrah\u0131n tecr\u00fcbesine g\u00f6re de\u011fi\u015fiklik g\u00f6sterebilir. Ayn\u0131 zamanda orta y\u00fcz germe i\u015fleminin ba\u015fka i\u015flemlerle kombine edilip edilmeyece\u011fi de fiyat \u00fczerinde etkili olur.<\/p>\n<p>Fiyatlar \u00fczerinde belirleyici olan bir di\u011fer unsur ise hastan\u0131n ihtiyac\u0131na g\u00f6re yap\u0131lacak ki\u015fiye \u00f6zel cerrahi planlamad\u0131r. Her hastan\u0131n y\u00fcz yap\u0131s\u0131 ve beklentisi farkl\u0131 oldu\u011fu i\u00e7in, net fiyat bilgisi ancak detayl\u0131 bir muayene sonras\u0131nda netle\u015fir.<\/p>\n<p><strong>Orta Y\u00fcz Germe Sonras\u0131 \u0130yile\u015fme S\u00fcreci<\/strong><\/p>\n<p>Ameliyat sonras\u0131 genellikle ilk birka\u00e7 g\u00fcn hafif \u015fi\u015flik ve morluk g\u00f6r\u00fclmesi ola\u011fand\u0131r. Bu durum birka\u00e7 g\u00fcn i\u00e7inde h\u0131zla azal\u0131r ve genellikle bir hafta sonra hastalar g\u00fcnl\u00fck ya\u015famlar\u0131na d\u00f6nebilir. \u0130yile\u015fme s\u00fcrecinin konforlu ge\u00e7mesi ad\u0131na doktorun \u00f6nerdi\u011fi t\u00fcm bak\u0131m protokollerine uyulmas\u0131 son derece \u00f6nemlidir.<\/p>\n<p>Diki\u015fler genellikle sa\u00e7l\u0131 deri i\u00e7erisinde veya g\u00f6z kenar\u0131ndaki do\u011fal k\u0131vr\u0131mlarda oldu\u011fu i\u00e7in g\u00f6r\u00fcn\u00fcr iz kalmaz. Nihai sonu\u00e7lar\u0131n tam olarak oturmas\u0131 ve y\u00fcz\u00fcn do\u011fal formunu kazanmas\u0131 ise birka\u00e7 ay i\u00e7inde ger\u00e7ekle\u015fir. Ancak ilk ayda dahi y\u00fcz daha gen\u00e7, daha canl\u0131 ve daha diri g\u00f6r\u00fcnmeye ba\u015flar.<\/p>\n<p>Op. Dr. Yusuf Orhan U\u00e7al, ameliyat sonras\u0131 s\u00fcre\u00e7te de hastalar\u0131n\u0131n yan\u0131nda yer alarak, d\u00fczenli kontroller ve detayl\u0131 bak\u0131m \u00f6nerileriyle iyile\u015fme s\u00fcrecinin g\u00fcvenle ilerlemesini sa\u011flar.<\/p>\n<p><strong>Sonu\u00e7 Olarak<\/strong><\/p>\n<p>Orta y\u00fcz germe ameliyat\u0131, y\u00fcz\u00fcn do\u011fal yap\u0131s\u0131n\u0131 bozmadan, sadece zamana yenilen dokular\u0131 eski yerlerine ta\u015f\u0131may\u0131 hedefleyen son derece etkili bir y\u00fcz gen\u00e7le\u015ftirme y\u00f6ntemidir. Do\u011fru teknik ve uzman ellerde yap\u0131ld\u0131\u011f\u0131nda, bu ameliyat ki\u015fiye daha gen\u00e7, daha dinamik ve daha do\u011fal bir g\u00f6r\u00fcn\u00fcm kazand\u0131r\u0131r. Op. Dr. Yusuf Orhan U\u00e7al\u2019\u0131n uzmanl\u0131\u011f\u0131 ve ki\u015fiye \u00f6zel yakla\u015f\u0131m\u0131yla orta y\u00fcz germe, estetik m\u00fcdahale olmaktan \u00e7ok, y\u00fcz\u00fcn kaybolan gen\u00e7li\u011fini ve dinami\u011fini yeniden kazand\u0131ran bir sanat haline gelir.<\/p>\n<p><strong>Orta Y\u00fcz Germe Ameliyat\u0131 Hakk\u0131nda S\u0131k\u00e7a Sorulan Sorular<\/strong><\/p>\n<p><strong>\u2714\ufe0f Orta y\u00fcz germe ameliyat\u0131 kimler i\u00e7in uygundur?<\/strong><\/p>\n<p>Bu ameliyat, \u00f6zellikle 30\u2019lu ya\u015flar\u0131n sonlar\u0131ndan itibaren ba\u015flayan yanak sarkmalar\u0131, elmac\u0131k kemi\u011fi alt\u0131ndaki hacim kay\u0131plar\u0131 ve g\u00f6z alt\u0131-yanak ge\u00e7i\u015findeki derinle\u015fmeden rahats\u0131z olan ki\u015filer i\u00e7in uygundur. Cilt elastikiyetinin b\u00fcy\u00fck oranda korunuyor olmas\u0131, ideal sonu\u00e7 i\u00e7in \u00f6nemlidir.<\/p>\n<p><strong>\u2714\ufe0f Orta y\u00fcz germe ameliyat\u0131 ile y\u00fcz\u00fcm \u00e7ok gerilmi\u015f veya yapay g\u00f6r\u00fcn\u00fcr m\u00fc?<\/strong><\/p>\n<p>Hay\u0131r. Op. Dr. Yusuf Orhan U\u00e7al\u2019\u0131n uygulad\u0131\u011f\u0131 teknik tamamen do\u011fal ve y\u00fczle uyumlu bir gen\u00e7le\u015fme sa\u011flar. Ama\u00e7, abart\u0131l\u0131 bir germe de\u011fil, y\u00fcz\u00fcn kaybolan dokular\u0131n\u0131 eski yerine ta\u015f\u0131mak ve do\u011fal dengeyi yeniden kazand\u0131rmakt\u0131r. Sonu\u00e7lar, \u201cestetik olmu\u015f\u201d de\u011fil, daha din\u00e7 ve enerjik g\u00f6r\u00fcn\u00fcm \u015feklinde yorumlan\u0131r.<\/p>\n<p><strong>\u2714\ufe0f Orta y\u00fcz germe ameliyat\u0131n\u0131n kal\u0131c\u0131l\u0131\u011f\u0131 ne kadar s\u00fcrer?<\/strong><\/p>\n<p>Bu ameliyat, ya\u015flanma s\u00fcrecini durdurmaz ama y\u0131llar\u0131 geri al\u0131r. Orta y\u00fcz germe ameliyat\u0131 ile elde edilen sonu\u00e7lar genellikle 8-10 y\u0131l boyunca korunur. Ancak hastan\u0131n ya\u015fam tarz\u0131, cilt bak\u0131m\u0131 ve genetik fakt\u00f6rler bu s\u00fcrenin uzunlu\u011funu etkileyebilir.<\/p>\n<p><strong>\u2714\ufe0f Orta y\u00fcz germe sonras\u0131 iz kal\u0131r m\u0131?<\/strong><\/p>\n<p>Hay\u0131r. Kesiler genellikle sa\u00e7l\u0131 deri i\u00e7inde veya g\u00f6z kenar\u0131ndaki do\u011fal k\u0131vr\u0131mlarda yap\u0131ld\u0131\u011f\u0131 i\u00e7in izler g\u00f6r\u00fcnmez ya da \u00e7ok minimaldir. \u0130yile\u015fme s\u00fcrecinin ard\u0131ndan izler zamanla tamamen belirsiz hale gelir.<\/p>\n<p><strong>\u2714\ufe0f Orta y\u00fcz germe ameliyat\u0131 sonras\u0131 iyile\u015fme s\u00fcreci nas\u0131ld\u0131r?<\/strong><\/p>\n<p>\u0130lk birka\u00e7 g\u00fcn \u015fi\u015flik ve hafif morluklar olu\u015fmas\u0131 normaldir. Bu belirtiler genellikle ilk haftada \u00f6nemli \u00f6l\u00e7\u00fcde azal\u0131r. \u00c7o\u011fu hasta 7-10 g\u00fcn i\u00e7inde sosyal ya\u015fam\u0131na rahatl\u0131kla d\u00f6nebilir. Nihai sonu\u00e7lar\u0131n oturmas\u0131 birka\u00e7 ay\u0131 bulsa da, ilk haftalardan itibaren y\u00fcz \u00e7ok daha gen\u00e7 ve diri g\u00f6r\u00fcnmeye ba\u015flar.<\/p>\n<p><strong>\u2714\ufe0f Orta y\u00fcz germe ameliyat\u0131 ba\u015fka hangi i\u015flemlerle birlikte yap\u0131labilir?<\/strong><\/p>\n<p>S\u0131kl\u0131kla g\u00f6z kapa\u011f\u0131 esteti\u011fi, badem g\u00f6z esteti\u011fi, endoskopik ka\u015f kald\u0131rma, y\u00fcze ya\u011f enjeksiyonu ve \u00e7ene implant\u0131 gibi i\u015flemlerle kombine edilir. Bu sayede y\u00fcz\u00fcn t\u00fcm b\u00f6lgelerinde dengeli ve daha kapsaml\u0131 bir gen\u00e7le\u015fme sa\u011flan\u0131r.<\/p>\n<p><strong>\u2714\ufe0f Orta y\u00fcz germe ile dolgu veya ip ask\u0131 aras\u0131ndaki fark nedir?<\/strong><\/p>\n<p>Dolgu ve ip ask\u0131 gibi i\u015flemler ge\u00e7ici ve y\u00fczeysel \u00e7\u00f6z\u00fcmler sunarken, orta y\u00fcz germe ameliyat\u0131 derin dokular\u0131 kal\u0131c\u0131 olarak yukar\u0131 ta\u015f\u0131r. Dolay\u0131s\u0131yla daha uzun \u00f6m\u00fcrl\u00fc ve do\u011fal bir gen\u00e7le\u015fme sa\u011flar.<\/p>\n<p><strong>\u2714\ufe0f \u0130\u015flem sonras\u0131 a\u011fr\u0131 hissedilir mi?<\/strong><\/p>\n<p>Ameliyat sonras\u0131 hafif a\u011fr\u0131, gerginlik hissi ve \u015fi\u015flik olabilir. Ancak bu s\u00fcre\u00e7 doktorun \u00f6nerdi\u011fi basit a\u011fr\u0131 kesicilerle kolayca kontrol alt\u0131na al\u0131n\u0131r ve genellikle birka\u00e7 g\u00fcn i\u00e7inde konforlu hale gelir.<\/p>\n<p><iframe loading=\"lazy\" title=\"YouTube video player\" src=\"https:\/\/www.youtube.com\/embed\/yAeaLUiNwo8?si=vudDhtNsKwzcN3Ps\" width=\"100%\" height=\"615\" frameborder=\"0\" allowfullscreen=\"allowfullscreen\" data-mce-fragment=\"1\"><\/iframe><\/p>\n<p><strong>Instagram :\u00a0<a href=\"https:\/\/www.instagram.com\/drorhanucal\/\" target=\"_blank\" rel=\"noopener\">@drorhanucal<\/a><\/strong><\/p>\n","protected":false},"excerpt":{"rendered":"<p>Orta Y\u00fcz Germe Ameliyat\u0131 Nedir? Orta Y\u00fcz Germe Ameliyat\u0131 : Zamanla yer\u00e7ekimi, ya\u015flanma ve cilt elastikiyetinin kayb\u0131, y\u00fcz\u00fcn orta b\u00f6l\u00fcm\u00fcnde sarkmalar ve hacim kay\u0131plar\u0131na neden olur. \u00d6zellikle elmac\u0131k kemiklerinin alt\u0131ndaki b\u00f6lgede \u00e7\u00f6kme, yanaklarda a\u015fa\u011f\u0131 do\u011fru sarkma ve nazolabial \u00e7izgilerin derinle\u015fmesi ki\u015fiyi oldu\u011fundan daha yorgun ve ya\u015fl\u0131 g\u00f6sterebilir. Orta y\u00fcz germe ameliyat\u0131, y\u00fcz\u00fcn bu b\u00f6lgesindeki ya\u015flanma [&hellip;]<\/p>\n","protected":false},"author":1,"featured_media":317,"comment_status":"open","ping_status":"open","sticky":false,"template":"","format":"standard","meta":{"footnotes":""},"categories":[6],"tags":[],"class_list":["post-264","post","type-post","status-publish","format-standard","has-post-thumbnail","hentry","category-yuz-estetigi"],"_links":{"self":[{"href":"https:\/\/www.orhanucal.com\/tr\/wp-json\/wp\/v2\/posts\/264","targetHints":{"allow":["GET"]}}],"collection":[{"href":"https:\/\/www.orhanucal.com\/tr\/wp-json\/wp\/v2\/posts"}],"about":[{"href":"https:\/\/www.orhanucal.com\/tr\/wp-json\/wp\/v2\/types\/post"}],"author":[{"embeddable":true,"href":"https:\/\/www.orhanucal.com\/tr\/wp-json\/wp\/v2\/users\/1"}],"replies":[{"embeddable":true,"href":"https:\/\/www.orhanucal.com\/tr\/wp-json\/wp\/v2\/comments?post=264"}],"version-history":[{"count":6,"href":"https:\/\/www.orhanucal.com\/tr\/wp-json\/wp\/v2\/posts\/264\/revisions"}],"predecessor-version":[{"id":270,"href":"https:\/\/www.orhanucal.com\/tr\/wp-json\/wp\/v2\/posts\/264\/revisions\/270"}],"wp:featuredmedia":[{"embeddable":true,"href":"https:\/\/www.orhanucal.com\/tr\/wp-json\/wp\/v2\/media\/317"}],"wp:attachment":[{"href":"https:\/\/www.orhanucal.com\/tr\/wp-json\/wp\/v2\/media?parent=264"}],"wp:term":[{"taxonomy":"category","embeddable":true,"href":"https:\/\/www.orhanucal.com\/tr\/wp-json\/wp\/v2\/categories?post=264"},{"taxonomy":"post_tag","embeddable":true,"href":"https:\/\/www.orhanucal.com\/tr\/wp-json\/wp\/v2\/tags?post=264"}],"curies":[{"name":"wp","href":"https:\/\/api.w.org\/{rel}","templated":true}]}}