{"id":271,"date":"2025-06-25T19:23:22","date_gmt":"2025-06-25T16:23:22","guid":{"rendered":"https:\/\/www.orhanucal.com\/tr\/?p=271"},"modified":"2025-06-26T12:16:33","modified_gmt":"2025-06-26T09:16:33","slug":"endoskopik-kas-kaldirma-ameliyati-fiyat","status":"publish","type":"post","link":"https:\/\/www.orhanucal.com\/tr\/endoskopik-kas-kaldirma-ameliyati-fiyat\/","title":{"rendered":"Endoskopik Ka\u015f Kald\u0131rma Ameliyat\u0131"},"content":{"rendered":"<div id=\"ez-toc-container\" class=\"ez-toc-v2_0_82_2 counter-flat ez-toc-counter ez-toc-grey ez-toc-container-direction\">\n<div class=\"ez-toc-title-container\">\n<p class=\"ez-toc-title\" style=\"cursor:inherit\">\u0130\u00e7indekiler<\/p>\n<span class=\"ez-toc-title-toggle\"><a href=\"#\" class=\"ez-toc-pull-right ez-toc-btn ez-toc-btn-xs ez-toc-btn-default ez-toc-toggle\" aria-label=\"\u0130\u00e7indekiler Tablosunu A\u00e7\/Kapat\"><span class=\"ez-toc-js-icon-con\"><span class=\"\"><span class=\"eztoc-hide\" style=\"display:none;\">Toggle<\/span><span class=\"ez-toc-icon-toggle-span\"><svg style=\"fill: #999;color:#999\" xmlns=\"http:\/\/www.w3.org\/2000\/svg\" class=\"list-377408\" width=\"20px\" height=\"20px\" viewBox=\"0 0 24 24\" fill=\"none\"><path d=\"M6 6H4v2h2V6zm14 0H8v2h12V6zM4 11h2v2H4v-2zm16 0H8v2h12v-2zM4 16h2v2H4v-2zm16 0H8v2h12v-2z\" fill=\"currentColor\"><\/path><\/svg><svg style=\"fill: #999;color:#999\" class=\"arrow-unsorted-368013\" xmlns=\"http:\/\/www.w3.org\/2000\/svg\" width=\"10px\" height=\"10px\" viewBox=\"0 0 24 24\" version=\"1.2\" baseProfile=\"tiny\"><path d=\"M18.2 9.3l-6.2-6.3-6.2 6.3c-.2.2-.3.4-.3.7s.1.5.3.7c.2.2.4.3.7.3h11c.3 0 .5-.1.7-.3.2-.2.3-.5.3-.7s-.1-.5-.3-.7zM5.8 14.7l6.2 6.3 6.2-6.3c.2-.2.3-.5.3-.7s-.1-.5-.3-.7c-.2-.2-.4-.3-.7-.3h-11c-.3 0-.5.1-.7.3-.2.2-.3.5-.3.7s.1.5.3.7z\"\/><\/svg><\/span><\/span><\/span><\/a><\/span><\/div>\n<nav><ul class='ez-toc-list ez-toc-list-level-1 eztoc-toggle-hide-by-default' ><li class='ez-toc-page-1'><a class=\"ez-toc-link ez-toc-heading-1\" href=\"https:\/\/www.orhanucal.com\/tr\/endoskopik-kas-kaldirma-ameliyati-fiyat\/#Endoskopik_Kas_Kaldirma_Ameliyati_Nedir\" >Endoskopik Ka\u015f Kald\u0131rma Ameliyat\u0131 Nedir?<\/a><\/li><li class='ez-toc-page-1'><a class=\"ez-toc-link ez-toc-heading-2\" href=\"https:\/\/www.orhanucal.com\/tr\/endoskopik-kas-kaldirma-ameliyati-fiyat\/#Neden_Endoskopik_Kas_Kaldirma_Ameliyatina_Ihtiyac_Duyulur\" >Neden Endoskopik Ka\u015f Kald\u0131rma Ameliyat\u0131na \u0130htiya\u00e7 Duyulur?<\/a><\/li><li class='ez-toc-page-1'><a class=\"ez-toc-link ez-toc-heading-3\" href=\"https:\/\/www.orhanucal.com\/tr\/endoskopik-kas-kaldirma-ameliyati-fiyat\/#Endoskopik_Kas_Kaldirma_Sonrasi_Yuzde_Nasil_Bir_Gorunum_Olusur\" >Endoskopik Ka\u015f Kald\u0131rma Sonras\u0131 Y\u00fczde Nas\u0131l Bir G\u00f6r\u00fcn\u00fcm Olu\u015fur?<\/a><\/li><li class='ez-toc-page-1'><a class=\"ez-toc-link ez-toc-heading-4\" href=\"https:\/\/www.orhanucal.com\/tr\/endoskopik-kas-kaldirma-ameliyati-fiyat\/#Endoskopik_Kas_Kaldirma_Ameliyatinda_Doktor_Seciminin_Onemi\" >Endoskopik Ka\u015f Kald\u0131rma Ameliyat\u0131nda Doktor Se\u00e7iminin \u00d6nemi<\/a><\/li><li class='ez-toc-page-1'><a class=\"ez-toc-link ez-toc-heading-5\" href=\"https:\/\/www.orhanucal.com\/tr\/endoskopik-kas-kaldirma-ameliyati-fiyat\/#Endoskopik_Kas_Kaldirma_Hangi_Islemlerle_Kombine_Edilebilir\" >Endoskopik Ka\u015f Kald\u0131rma Hangi \u0130\u015flemlerle Kombine Edilebilir?<\/a><\/li><li class='ez-toc-page-1'><a class=\"ez-toc-link ez-toc-heading-6\" href=\"https:\/\/www.orhanucal.com\/tr\/endoskopik-kas-kaldirma-ameliyati-fiyat\/#Endoskopik_Kas_Kaldirma_Ameliyati_Fiyatlarini_Etkileyen_Faktorler\" >Endoskopik Ka\u015f Kald\u0131rma Ameliyat\u0131 Fiyatlar\u0131n\u0131 Etkileyen Fakt\u00f6rler<\/a><\/li><\/ul><\/nav><\/div>\n<h2><span class=\"ez-toc-section\" id=\"Endoskopik_Kas_Kaldirma_Ameliyati_Nedir\"><\/span>Endoskopik Ka\u015f Kald\u0131rma Ameliyat\u0131 Nedir?<span class=\"ez-toc-section-end\"><\/span><\/h2>\n<p><strong><a href=\"https:\/\/www.orhanucal.com\/tr\/endoskopik-kas-kaldirma-ameliyati-fiyat\/\">Endoskopik Ka\u015f Kald\u0131rma Ameliyat\u0131<\/a> :<\/strong> Zamanla ya\u015flanman\u0131n etkisiyle birlikte ka\u015flar\u0131n do\u011fal pozisyonu a\u015fa\u011f\u0131 do\u011fru sarkmaya ba\u015flar. Bu durum sadece y\u00fcz ifadesinin daha yorgun, \u00fczg\u00fcn veya k\u0131zg\u0131n g\u00f6r\u00fcnmesine sebep olmakla kalmaz, ayn\u0131 zamanda g\u00f6z kapa\u011f\u0131 esteti\u011fini de etkiler. Endoskopik ka\u015f kald\u0131rma ameliyat\u0131, ka\u015flar\u0131n d\u00fc\u015f\u00fckl\u00fc\u011f\u00fcn\u00fc d\u00fczeltmek ve daha gen\u00e7, daha din\u00e7 bir y\u00fcz ifadesi kazand\u0131rmak i\u00e7in uygulanan, minimal kesiyle ger\u00e7ekle\u015ftirilen modern bir cerrahi y\u00f6ntemdir.<\/p>\n<p>Bu i\u015flem, sa\u00e7l\u0131 derinin i\u00e7erisinden yap\u0131lan k\u00fc\u00e7\u00fck kesilerle endoskop ad\u0131 verilen \u00f6zel bir kamera sistemi kullan\u0131larak ger\u00e7ekle\u015ftirilir. Bu teknik sayesinde hem iz kalma riski minimum seviyeye indirilir hem de cilt alt\u0131 dokular \u00e7ok daha kontroll\u00fc bir \u015fekilde yukar\u0131 ta\u015f\u0131n\u0131r. Op. Dr. Yusuf Orhan U\u00e7al\u2019\u0131n uygulad\u0131\u011f\u0131 bu ameliyat, ka\u015flar\u0131n do\u011fal pozisyonuna getirilmesini ve y\u00fcz\u00fcn \u00fcst b\u00f6lgesinin daha gen\u00e7, daha dinamik bir g\u00f6r\u00fcn\u00fcme kavu\u015fmas\u0131n\u0131 sa\u011flar.<\/p>\n<h2><span class=\"ez-toc-section\" id=\"Neden_Endoskopik_Kas_Kaldirma_Ameliyatina_Ihtiyac_Duyulur\"><\/span>Neden Endoskopik Ka\u015f Kald\u0131rma Ameliyat\u0131na \u0130htiya\u00e7 Duyulur?<span class=\"ez-toc-section-end\"><\/span><\/h2>\n<p>Ka\u015flar\u0131n zamanla a\u015fa\u011f\u0131 do\u011fru inmesi, y\u00fczde yorgun ve mutsuz bir ifade olu\u015fturur. \u00dcstelik ka\u015flar\u0131n d\u00fc\u015fmesi sadece estetik de\u011fil, fonksiyonel bir sorun da yaratabilir. Ka\u015flarla birlikte \u00fcst g\u00f6z kapa\u011f\u0131 b\u00f6lgesindeki deri de a\u015fa\u011f\u0131 sarkar ve bu durum ki\u015finin g\u00f6r\u00fc\u015f a\u00e7\u0131s\u0131n\u0131 bile etkileyebilir.<\/p>\n<p>Bir\u00e7ok ki\u015fi bu durumu fark etti\u011finde ba\u015flang\u0131\u00e7ta dolgu veya botoks gibi ge\u00e7ici y\u00f6ntemlerle sorunu \u00e7\u00f6zmeye \u00e7al\u0131\u015f\u0131r. Ancak bu i\u015flemler, ka\u015f d\u00fc\u015f\u00fckl\u00fc\u011f\u00fcn\u00fc belirli bir noktaya kadar ve s\u0131n\u0131rl\u0131 bir s\u00fcre i\u00e7in d\u00fczeltir. Kal\u0131c\u0131 ve do\u011fal bir \u00e7\u00f6z\u00fcm isteyenler i\u00e7in endoskopik ka\u015f kald\u0131rma ameliyat\u0131 en etkili se\u00e7enektir.<\/p>\n<p>Bu ameliyat sayesinde sadece ka\u015flar yukar\u0131 ta\u015f\u0131nmakla kalmaz, ayn\u0131 zamanda al\u0131n b\u00f6lgesi daha p\u00fcr\u00fczs\u00fcz g\u00f6r\u00fcn\u00fcr, g\u00f6z \u00e7evresindeki k\u0131r\u0131\u015f\u0131kl\u0131klar azal\u0131r ve genel y\u00fcz ifadesi daha gen\u00e7 ve enerjik hale gelir.<\/p>\n<h2><span class=\"ez-toc-section\" id=\"Endoskopik_Kas_Kaldirma_Sonrasi_Yuzde_Nasil_Bir_Gorunum_Olusur\"><\/span>Endoskopik Ka\u015f Kald\u0131rma Sonras\u0131 Y\u00fczde Nas\u0131l Bir G\u00f6r\u00fcn\u00fcm Olu\u015fur?<span class=\"ez-toc-section-end\"><\/span><\/h2>\n<p>Ameliyat sonras\u0131nda y\u00fcz\u00fcn \u00fcst b\u00f6lgesi \u00e7ok daha ayd\u0131nl\u0131k ve dinamik g\u00f6r\u00fcn\u00fcr. Ka\u015flar do\u011fal bir \u015fekilde yukar\u0131 konumlan\u0131r, g\u00f6z kapaklar\u0131ndaki bask\u0131 ve deri birikimi ortadan kalkar. Bu de\u011fi\u015fim sayesinde ki\u015fi daha din\u00e7, daha enerjik ve daha gen\u00e7 bir ifadeye kavu\u015fur.<\/p>\n<p>Op. Dr. Yusuf Orhan U\u00e7al\u2019\u0131n uygulad\u0131\u011f\u0131 cerrahi tekniklerde ama\u00e7, ka\u015flar\u0131 abart\u0131l\u0131 bir \u015fekilde kald\u0131rmak de\u011fil, ki\u015finin y\u00fcz yap\u0131s\u0131na en uygun, do\u011fal ve dengeli bir pozisyonda konumland\u0131rmakt\u0131r. B\u00f6ylece ameliyat sonras\u0131 sonu\u00e7lar son derece do\u011fal g\u00f6r\u00fcn\u00fcr ve estetik m\u00fcdahale oldu\u011fu belli olmaz.<\/p>\n<h2><span class=\"ez-toc-section\" id=\"Endoskopik_Kas_Kaldirma_Ameliyatinda_Doktor_Seciminin_Onemi\"><\/span>Endoskopik Ka\u015f Kald\u0131rma Ameliyat\u0131nda Doktor Se\u00e7iminin \u00d6nemi<span class=\"ez-toc-section-end\"><\/span><\/h2>\n<p>Ka\u015f kald\u0131rma i\u015flemi, y\u00fczdeki ifade dengesini do\u011frudan etkileyen son derece hassas bir cerrahi m\u00fcdahaledir. Ka\u015flar\u0131n ideal pozisyonunun belirlenmesi, y\u00fcz\u00fcn genel anatomisine ve mimik kaslar\u0131n\u0131n yap\u0131s\u0131na g\u00f6re planlanmal\u0131d\u0131r. Yanl\u0131\u015f konumland\u0131r\u0131lan ka\u015flar, ki\u015fiye \u015fa\u015fk\u0131n, s\u00fcrekli k\u0131zg\u0131n ya da yapay bir g\u00f6r\u00fcn\u00fcm verebilir.<\/p>\n<p>Bu nedenle ka\u015f kald\u0131rma ameliyat\u0131nda doktor se\u00e7imi kritik \u00f6neme sahiptir. Op. Dr. Yusuf Orhan U\u00e7al, y\u00fcz anatomisi ve estetik denge konusunda sahip oldu\u011fu tecr\u00fcbesi ile ka\u015flar\u0131n do\u011fal a\u00e7\u0131s\u0131n\u0131, simetrisini ve y\u00fczle uyumunu koruyarak m\u00fcdahalede bulunur. Bu sayede hasta, kendisine yak\u0131\u015fan ve do\u011fal g\u00f6r\u00fcnen bir sonuca ula\u015f\u0131r.<\/p>\n<h2><span class=\"ez-toc-section\" id=\"Endoskopik_Kas_Kaldirma_Hangi_Islemlerle_Kombine_Edilebilir\"><\/span>Endoskopik Ka\u015f Kald\u0131rma Hangi \u0130\u015flemlerle Kombine Edilebilir?<span class=\"ez-toc-section-end\"><\/span><\/h2>\n<p>Endoskopik ka\u015f kald\u0131rma ameliyat\u0131, \u00e7o\u011fu zaman y\u00fcz\u00fcn di\u011fer ya\u015flanma belirtileriyle m\u00fccadele etmek amac\u0131yla farkl\u0131 estetik i\u015flemlerle birlikte uygulan\u0131r. En s\u0131k kombinasyonlardan biri, g\u00f6z kapa\u011f\u0131 esteti\u011fidir. \u00c7\u00fcnk\u00fc ka\u015flar\u0131n d\u00fc\u015fmesiyle birlikte \u00fcst g\u00f6z kapa\u011f\u0131nda olu\u015fan sarkmalar da ki\u015finin daha ya\u015fl\u0131 ve yorgun g\u00f6r\u00fcnmesine neden olur.<\/p>\n<p>Ayr\u0131ca badem g\u00f6z esteti\u011fi ile g\u00f6zlerin daha \u00e7ekik ve gen\u00e7 bir g\u00f6r\u00fcn\u00fcm kazanmas\u0131 sa\u011flanabilir. Orta y\u00fcz germe ameliyat\u0131 ile y\u00fcz\u00fcn orta b\u00f6lgesindeki sarkmalar giderilerek, ka\u015f kald\u0131rma sonras\u0131 y\u00fcz genelinde daha b\u00fct\u00fcnsel ve dengeli bir gen\u00e7le\u015fme elde edilir.<\/p>\n<p>Y\u00fcze ya\u011f enjeksiyonu, zamanla y\u00fcz\u00fcn \u00fcst k\u0131sm\u0131nda ve \u015fakak b\u00f6lgesinde olu\u015fan hacim kay\u0131plar\u0131n\u0131 geri kazand\u0131rmak amac\u0131yla s\u0131kl\u0131kla tercih edilir. \u00c7ene hatt\u0131n\u0131 daha belirgin hale getirmek i\u00e7in ise \u00e7ene implant\u0131 veya \u00e7ene dolgusu gibi i\u015flemlerle kombine edilebilir. Bu kombinasyonlar sayesinde y\u00fcz\u00fcn sadece \u00fcst b\u00f6lgesi de\u011fil, t\u00fcm y\u00fcz hatlar\u0131 daha gen\u00e7, daha simetrik ve daha estetik bir forma kavu\u015fur.<\/p>\n<p><strong>Ameliyat \u00d6ncesi Planlama S\u00fcreci<\/strong><\/p>\n<p>Ameliyat \u00f6ncesinde detayl\u0131 bir y\u00fcz ve al\u0131n analizi yap\u0131l\u0131r. Ka\u015flar\u0131n mevcut pozisyonu, g\u00f6z kapa\u011f\u0131 \u00fczerindeki etkisi ve genel y\u00fcz yap\u0131s\u0131 de\u011ferlendirilir. Op. Dr. Yusuf Orhan U\u00e7al, hastas\u0131n\u0131n y\u00fcz yap\u0131s\u0131na ve mimiklerine en uygun ka\u015f pozisyonunu belirleyerek, i\u015flem sonras\u0131nda nas\u0131l bir g\u00f6r\u00fcn\u00fcm olu\u015faca\u011f\u0131n\u0131 detayl\u0131 bir \u015fekilde a\u00e7\u0131klar. Bu sayede hastalar ameliyat \u00f6ncesinde kendilerini nas\u0131l bir de\u011fi\u015fimin bekledi\u011fini bilir ve s\u00fcrece g\u00fcvenle haz\u0131rlan\u0131r.<\/p>\n<p><strong>Endoskopik Ka\u015f Kald\u0131rma Ameliyat\u0131 Nas\u0131l Yap\u0131l\u0131r?<\/strong><\/p>\n<p>Ameliyat genellikle genel anestezi alt\u0131nda ger\u00e7ekle\u015ftirilir ve ortalama 1 ila 2 saat aras\u0131nda s\u00fcrer. Cerrahi giri\u015fim, sa\u00e7l\u0131 deri i\u00e7erisinde a\u00e7\u0131lan 2-3 cm&#8217;lik k\u00fc\u00e7\u00fck kesiler arac\u0131l\u0131\u011f\u0131yla yap\u0131l\u0131r. Bu kesilerden endoskop denilen kamera sistemi ile cilt alt\u0131 dokular detayl\u0131 bir \u015fekilde g\u00f6r\u00fcnt\u00fclenir.<\/p>\n<p>Ard\u0131ndan ka\u015f ve al\u0131n b\u00f6lgesindeki dokular dikkatlice serbestle\u015ftirilir ve yukar\u0131 do\u011fru ask\u0131lanarak ideal pozisyona getirilir. Kesiler sa\u00e7l\u0131 deri i\u00e7inde kald\u0131\u011f\u0131 i\u00e7in iyile\u015fme s\u00fcrecinin ard\u0131ndan g\u00f6r\u00fcn\u00fcr bir iz kalmaz.<\/p>\n<h3><span class=\"ez-toc-section\" id=\"Endoskopik_Kas_Kaldirma_Ameliyati_Fiyatlarini_Etkileyen_Faktorler\"><\/span>Endoskopik Ka\u015f Kald\u0131rma Ameliyat\u0131 Fiyatlar\u0131n\u0131 Etkileyen Fakt\u00f6rler<span class=\"ez-toc-section-end\"><\/span><\/h3>\n<p>Ameliyat\u0131n fiyat\u0131, kullan\u0131lacak cerrahi teknik, ameliyat\u0131n yap\u0131laca\u011f\u0131 hastanenin donan\u0131m\u0131 ve doktorun tecr\u00fcbesine g\u00f6re de\u011fi\u015fiklik g\u00f6sterebilir. Bunun yan\u0131nda ka\u015f kald\u0131rma i\u015fleminin tek ba\u015f\u0131na m\u0131 yap\u0131laca\u011f\u0131, yoksa g\u00f6z kapa\u011f\u0131 esteti\u011fi, badem g\u00f6z esteti\u011fi veya orta y\u00fcz germe gibi i\u015flemlerle kombine edilip edilmeyece\u011fi de fiyatland\u0131rmada belirleyici bir fakt\u00f6rd\u00fcr.<\/p>\n<p>Her y\u00fcz yap\u0131s\u0131 ve ihtiyac\u0131 farkl\u0131 oldu\u011fundan, net fiyat bilgisi ancak muayene sonras\u0131 yap\u0131lacak detayl\u0131 bir planlamayla belirlenebilir.<\/p>\n<p><strong>Endoskopik Ka\u015f Kald\u0131rma Sonras\u0131 \u0130yile\u015fme S\u00fcreci<\/strong><\/p>\n<p>Ameliyat sonras\u0131 s\u00fcre\u00e7 olduk\u00e7a konforludur. \u0130lk birka\u00e7 g\u00fcn hafif \u015fi\u015flik ve \u00f6dem olmas\u0131 normaldir. Bu s\u00fcre\u00e7te ba\u015f\u0131 y\u00fcksek pozisyonda tutmak ve doktorun \u00f6nerdi\u011fi so\u011fuk kompres uygulamalar\u0131 iyile\u015fmeyi h\u0131zland\u0131r\u0131r. Genellikle bir hafta i\u00e7inde \u015fi\u015flikler b\u00fcy\u00fck \u00f6l\u00e7\u00fcde azal\u0131r ve hastalar sosyal ya\u015famlar\u0131na rahatl\u0131kla d\u00f6nebilir.<\/p>\n<p>Kesiler sa\u00e7l\u0131 deri i\u00e7inde oldu\u011fu i\u00e7in g\u00f6r\u00fcn\u00fcr bir iz kalmaz. \u0130lk haftalarda hafif bir gerginlik hissi olabilir, ancak bu ge\u00e7icidir. Nihai sonu\u00e7lar 1 ila 2 ay i\u00e7erisinde daha belirgin hale gelir ve y\u00fcz \u00e7ok daha gen\u00e7, daha ayd\u0131nl\u0131k ve din\u00e7 g\u00f6r\u00fcn\u00fcr.<\/p>\n<p>Op. Dr. Yusuf Orhan U\u00e7al, ameliyat sonras\u0131 s\u00fcre\u00e7te de hastalar\u0131n\u0131 yak\u0131ndan takip ederek, s\u00fcrecin sa\u011fl\u0131kl\u0131 ve g\u00fcvenli bir \u015fekilde ilerlemesini sa\u011flar.<\/p>\n<p><strong>Endoskopik Ka\u015f Kald\u0131rma Ameliyat\u0131 Hakk\u0131nda S\u0131k\u00e7a Sorulan Sorular<\/strong><\/p>\n<p><strong>Endoskopik ka\u015f kald\u0131rma kal\u0131c\u0131 m\u0131d\u0131r?<\/strong><\/p>\n<p>Evet, bu ameliyat\u0131n sonu\u00e7lar\u0131 uzun y\u0131llar kal\u0131c\u0131d\u0131r. Ya\u015flanma s\u00fcreci devam etse de ka\u015flar eski haline d\u00f6nmez.<\/p>\n<p><strong>Ameliyat sonras\u0131 y\u00fcz\u00fcmde yapay bir ifade olur mu?<\/strong><\/p>\n<p>Hay\u0131r. Op. Dr. Yusuf Orhan U\u00e7al\u2019\u0131n do\u011fal ve y\u00fczle uyumlu yakla\u015f\u0131m\u0131 sayesinde ka\u015flar abart\u0131s\u0131z bir \u015fekilde, y\u00fcz ifadesini de\u011fi\u015ftirmeden gen\u00e7le\u015fmi\u015f bir g\u00f6r\u00fcn\u00fcm kazan\u0131r.<\/p>\n<p><strong>Endoskopik ka\u015f kald\u0131rma iz b\u0131rak\u0131r m\u0131?<\/strong><\/p>\n<p>Kesiler sa\u00e7l\u0131 deri i\u00e7erisinde oldu\u011fu i\u00e7in g\u00f6r\u00fcn\u00fcr iz olu\u015fmaz. Zamanla izler tamamen silikle\u015fir ve fark edilmez hale gelir.<\/p>\n<p><strong>\u0130yile\u015fme s\u00fcrecinde a\u011fr\u0131 hissedilir mi?<\/strong><\/p>\n<p>A\u011fr\u0131 minimal d\u00fczeydedir ve genellikle hafif gerginlik hissiyle s\u0131n\u0131rl\u0131d\u0131r. Bu s\u00fcre\u00e7 doktorun \u00f6nerdi\u011fi basit a\u011fr\u0131 kesicilerle kolayca y\u00f6netilebilir.<\/p>\n<p><strong>Bu i\u015flem ba\u015fka hangi ameliyatlarla kombine edilebilir?<\/strong><\/p>\n<p>S\u0131kl\u0131kla g\u00f6z kapa\u011f\u0131 esteti\u011fi, badem g\u00f6z esteti\u011fi, orta y\u00fcz germe ve y\u00fcze ya\u011f enjeksiyonu gibi i\u015flemlerle birlikte uygulan\u0131r. Bu sayede y\u00fcz genelinde dengeli ve b\u00fct\u00fcnsel bir gen\u00e7le\u015fme sa\u011flan\u0131r.<\/p>\n<p><strong>Sonu\u00e7 Olarak<\/strong><\/p>\n<p>Endoskopik ka\u015f kald\u0131rma ameliyat\u0131, daha gen\u00e7, daha din\u00e7 ve daha ayd\u0131nl\u0131k bir y\u00fcz ifadesine kavu\u015fmak isteyenler i\u00e7in modern ve etkili bir \u00e7\u00f6z\u00fcmd\u00fcr. Op. Dr. Yusuf Orhan U\u00e7al\u2019\u0131n uzmanl\u0131\u011f\u0131 ve y\u00fcz esteti\u011findeki b\u00fct\u00fcnc\u00fcl yakla\u015f\u0131m\u0131yla bu i\u015flem, y\u00fczde do\u011fal dengeyi yeniden kazand\u0131r\u0131rken, zamana meydan okuyan kal\u0131c\u0131 sonu\u00e7lar sunar.<\/p>\n<p><iframe loading=\"lazy\" title=\"YouTube video player\" src=\"https:\/\/www.youtube.com\/embed\/yAeaLUiNwo8?si=vudDhtNsKwzcN3Ps\" width=\"100%\" height=\"615\" frameborder=\"0\" allowfullscreen=\"allowfullscreen\" data-mce-fragment=\"1\"><\/iframe><\/p>\n<p><strong>Instagram :\u00a0<a href=\"https:\/\/www.instagram.com\/drorhanucal\/\" target=\"_blank\" rel=\"noopener\">@drorhanucal<\/a><\/strong><\/p>\n","protected":false},"excerpt":{"rendered":"<p>Endoskopik Ka\u015f Kald\u0131rma Ameliyat\u0131 Nedir? Endoskopik Ka\u015f Kald\u0131rma Ameliyat\u0131 : Zamanla ya\u015flanman\u0131n etkisiyle birlikte ka\u015flar\u0131n do\u011fal pozisyonu a\u015fa\u011f\u0131 do\u011fru sarkmaya ba\u015flar. Bu durum sadece y\u00fcz ifadesinin daha yorgun, \u00fczg\u00fcn veya k\u0131zg\u0131n g\u00f6r\u00fcnmesine sebep olmakla kalmaz, ayn\u0131 zamanda g\u00f6z kapa\u011f\u0131 esteti\u011fini de etkiler. Endoskopik ka\u015f kald\u0131rma ameliyat\u0131, ka\u015flar\u0131n d\u00fc\u015f\u00fckl\u00fc\u011f\u00fcn\u00fc d\u00fczeltmek ve daha gen\u00e7, daha din\u00e7 bir [&hellip;]<\/p>\n","protected":false},"author":1,"featured_media":318,"comment_status":"open","ping_status":"open","sticky":false,"template":"","format":"standard","meta":{"footnotes":""},"categories":[6],"tags":[],"class_list":["post-271","post","type-post","status-publish","format-standard","has-post-thumbnail","hentry","category-yuz-estetigi"],"_links":{"self":[{"href":"https:\/\/www.orhanucal.com\/tr\/wp-json\/wp\/v2\/posts\/271","targetHints":{"allow":["GET"]}}],"collection":[{"href":"https:\/\/www.orhanucal.com\/tr\/wp-json\/wp\/v2\/posts"}],"about":[{"href":"https:\/\/www.orhanucal.com\/tr\/wp-json\/wp\/v2\/types\/post"}],"author":[{"embeddable":true,"href":"https:\/\/www.orhanucal.com\/tr\/wp-json\/wp\/v2\/users\/1"}],"replies":[{"embeddable":true,"href":"https:\/\/www.orhanucal.com\/tr\/wp-json\/wp\/v2\/comments?post=271"}],"version-history":[{"count":5,"href":"https:\/\/www.orhanucal.com\/tr\/wp-json\/wp\/v2\/posts\/271\/revisions"}],"predecessor-version":[{"id":276,"href":"https:\/\/www.orhanucal.com\/tr\/wp-json\/wp\/v2\/posts\/271\/revisions\/276"}],"wp:featuredmedia":[{"embeddable":true,"href":"https:\/\/www.orhanucal.com\/tr\/wp-json\/wp\/v2\/media\/318"}],"wp:attachment":[{"href":"https:\/\/www.orhanucal.com\/tr\/wp-json\/wp\/v2\/media?parent=271"}],"wp:term":[{"taxonomy":"category","embeddable":true,"href":"https:\/\/www.orhanucal.com\/tr\/wp-json\/wp\/v2\/categories?post=271"},{"taxonomy":"post_tag","embeddable":true,"href":"https:\/\/www.orhanucal.com\/tr\/wp-json\/wp\/v2\/tags?post=271"}],"curies":[{"name":"wp","href":"https:\/\/api.w.org\/{rel}","templated":true}]}}