{"id":299,"date":"2025-06-25T19:53:58","date_gmt":"2025-06-25T16:53:58","guid":{"rendered":"https:\/\/www.orhanucal.com\/tr\/?p=299"},"modified":"2025-06-26T12:23:59","modified_gmt":"2025-06-26T09:23:59","slug":"badem-goz-estetigi-fiyat","status":"publish","type":"post","link":"https:\/\/www.orhanucal.com\/tr\/badem-goz-estetigi-fiyat\/","title":{"rendered":"Badem G\u00f6z Esteti\u011fi"},"content":{"rendered":"<div id=\"ez-toc-container\" class=\"ez-toc-v2_0_82_2 counter-flat ez-toc-counter ez-toc-grey ez-toc-container-direction\">\n<div class=\"ez-toc-title-container\">\n<p class=\"ez-toc-title\" style=\"cursor:inherit\">\u0130\u00e7indekiler<\/p>\n<span class=\"ez-toc-title-toggle\"><a href=\"#\" class=\"ez-toc-pull-right ez-toc-btn ez-toc-btn-xs ez-toc-btn-default ez-toc-toggle\" aria-label=\"\u0130\u00e7indekiler Tablosunu A\u00e7\/Kapat\"><span class=\"ez-toc-js-icon-con\"><span class=\"\"><span class=\"eztoc-hide\" style=\"display:none;\">Toggle<\/span><span class=\"ez-toc-icon-toggle-span\"><svg style=\"fill: #999;color:#999\" xmlns=\"http:\/\/www.w3.org\/2000\/svg\" class=\"list-377408\" width=\"20px\" height=\"20px\" viewBox=\"0 0 24 24\" fill=\"none\"><path d=\"M6 6H4v2h2V6zm14 0H8v2h12V6zM4 11h2v2H4v-2zm16 0H8v2h12v-2zM4 16h2v2H4v-2zm16 0H8v2h12v-2z\" fill=\"currentColor\"><\/path><\/svg><svg style=\"fill: #999;color:#999\" class=\"arrow-unsorted-368013\" xmlns=\"http:\/\/www.w3.org\/2000\/svg\" width=\"10px\" height=\"10px\" viewBox=\"0 0 24 24\" version=\"1.2\" baseProfile=\"tiny\"><path d=\"M18.2 9.3l-6.2-6.3-6.2 6.3c-.2.2-.3.4-.3.7s.1.5.3.7c.2.2.4.3.7.3h11c.3 0 .5-.1.7-.3.2-.2.3-.5.3-.7s-.1-.5-.3-.7zM5.8 14.7l6.2 6.3 6.2-6.3c.2-.2.3-.5.3-.7s-.1-.5-.3-.7c-.2-.2-.4-.3-.7-.3h-11c-.3 0-.5.1-.7.3-.2.2-.3.5-.3.7s.1.5.3.7z\"\/><\/svg><\/span><\/span><\/span><\/a><\/span><\/div>\n<nav><ul class='ez-toc-list ez-toc-list-level-1 eztoc-toggle-hide-by-default' ><li class='ez-toc-page-1'><a class=\"ez-toc-link ez-toc-heading-1\" href=\"https:\/\/www.orhanucal.com\/tr\/badem-goz-estetigi-fiyat\/#Badem_Goz_Estetigi_Nedir\" >Badem G\u00f6z Esteti\u011fi Nedir?<\/a><\/li><li class='ez-toc-page-1'><a class=\"ez-toc-link ez-toc-heading-2\" href=\"https:\/\/www.orhanucal.com\/tr\/badem-goz-estetigi-fiyat\/#Neden_Badem_Goz_Estetigine_Ihtiyac_Duyulur\" >Neden Badem G\u00f6z Esteti\u011fine \u0130htiya\u00e7 Duyulur?<\/a><\/li><li class='ez-toc-page-1'><a class=\"ez-toc-link ez-toc-heading-3\" href=\"https:\/\/www.orhanucal.com\/tr\/badem-goz-estetigi-fiyat\/#Badem_Goz_Estetigi_Sonrasi_Yuzde_Nasil_Bir_Gorunum_Olusur\" >Badem G\u00f6z Esteti\u011fi Sonras\u0131 Y\u00fczde Nas\u0131l Bir G\u00f6r\u00fcn\u00fcm Olu\u015fur?<\/a><\/li><li class='ez-toc-page-1'><a class=\"ez-toc-link ez-toc-heading-4\" href=\"https:\/\/www.orhanucal.com\/tr\/badem-goz-estetigi-fiyat\/#Badem_Goz_Estetigi_Ameliyatinda_Doktor_Seciminin_Onemi\" >Badem G\u00f6z Esteti\u011fi Ameliyat\u0131nda Doktor Se\u00e7iminin \u00d6nemi<\/a><\/li><li class='ez-toc-page-1'><a class=\"ez-toc-link ez-toc-heading-5\" href=\"https:\/\/www.orhanucal.com\/tr\/badem-goz-estetigi-fiyat\/#Badem_Goz_Estetigi_Hangi_Islemlerle_Kombine_Edilebilir\" >Badem G\u00f6z Esteti\u011fi Hangi \u0130\u015flemlerle Kombine Edilebilir?<\/a><\/li><li class='ez-toc-page-1'><a class=\"ez-toc-link ez-toc-heading-6\" href=\"https:\/\/www.orhanucal.com\/tr\/badem-goz-estetigi-fiyat\/#Ameliyat_Oncesi_Planlama_Sureci\" >Ameliyat \u00d6ncesi Planlama S\u00fcreci<\/a><\/li><li class='ez-toc-page-1'><a class=\"ez-toc-link ez-toc-heading-7\" href=\"https:\/\/www.orhanucal.com\/tr\/badem-goz-estetigi-fiyat\/#Badem_Goz_Estetigi_Nasil_Yapilir\" >Badem G\u00f6z Esteti\u011fi Nas\u0131l Yap\u0131l\u0131r?<\/a><\/li><li class='ez-toc-page-1'><a class=\"ez-toc-link ez-toc-heading-8\" href=\"https:\/\/www.orhanucal.com\/tr\/badem-goz-estetigi-fiyat\/#Badem_Goz_Estetigi_Fiyatlarini_Etkileyen_Faktorler\" >Badem G\u00f6z Esteti\u011fi Fiyatlar\u0131n\u0131 Etkileyen Fakt\u00f6rler<\/a><\/li><li class='ez-toc-page-1'><a class=\"ez-toc-link ez-toc-heading-9\" href=\"https:\/\/www.orhanucal.com\/tr\/badem-goz-estetigi-fiyat\/#Badem_Goz_Estetigi_Sonrasi_Iyilesme_Sureci\" >Badem G\u00f6z Esteti\u011fi Sonras\u0131 \u0130yile\u015fme S\u00fcreci<\/a><\/li><li class='ez-toc-page-1'><a class=\"ez-toc-link ez-toc-heading-10\" href=\"https:\/\/www.orhanucal.com\/tr\/badem-goz-estetigi-fiyat\/#Badem_goz_estetigi_kalici_midir\" >Badem g\u00f6z esteti\u011fi kal\u0131c\u0131 m\u0131d\u0131r?<\/a><\/li><li class='ez-toc-page-1'><a class=\"ez-toc-link ez-toc-heading-11\" href=\"https:\/\/www.orhanucal.com\/tr\/badem-goz-estetigi-fiyat\/#Ameliyat_sonrasi_gozler_yapay_veya_fazla_cekik_gorunur_mu\" >Ameliyat sonras\u0131 g\u00f6zler yapay veya fazla \u00e7ekik g\u00f6r\u00fcn\u00fcr m\u00fc?<\/a><\/li><li class='ez-toc-page-1'><a class=\"ez-toc-link ez-toc-heading-12\" href=\"https:\/\/www.orhanucal.com\/tr\/badem-goz-estetigi-fiyat\/#Iz_kalir_mi\" >\u0130z kal\u0131r m\u0131?<\/a><\/li><\/ul><\/nav><\/div>\n<h2><span class=\"ez-toc-section\" id=\"Badem_Goz_Estetigi_Nedir\"><\/span>Badem G\u00f6z Esteti\u011fi Nedir?<span class=\"ez-toc-section-end\"><\/span><\/h2>\n<p><a href=\"https:\/\/www.orhanucal.com\/tr\/badem-goz-estetigi-fiyat\/\"><strong>Badem g\u00f6z esteti\u011fi<\/strong><\/a>, g\u00f6zlerin daha \u00e7ekik, daha gen\u00e7 ve daha dinamik bir g\u00f6r\u00fcn\u00fcme kavu\u015fmas\u0131n\u0131 sa\u011flayan modern bir estetik cerrahi uygulamas\u0131d\u0131r. Zamanla ya\u015f\u0131n ilerlemesi, yer\u00e7ekimi etkisi ve genetik fakt\u00f6rler g\u00f6z kapaklar\u0131nda d\u00fc\u015fmeye, g\u00f6z kenarlar\u0131nda sarkmalara ve yorgun bir ifadeye yol a\u00e7abilir. Badem g\u00f6z esteti\u011fi sayesinde g\u00f6zler yukar\u0131 do\u011fru konumland\u0131r\u0131l\u0131r ve daha \u00e7ekici, daha canl\u0131 bir ifade elde edilir.<\/p>\n<p>Bu i\u015flem, g\u00f6z d\u0131\u015f k\u00f6\u015fesinin yukar\u0131 ve yana do\u011fru hafif\u00e7e kald\u0131r\u0131lmas\u0131 prensibine dayan\u0131r. Op. Dr. Yusuf Orhan U\u00e7al\u2019\u0131n uygulad\u0131\u011f\u0131 teknikle g\u00f6z \u015fekli tamamen do\u011fal hatlarla korunarak, ki\u015finin y\u00fcz yap\u0131s\u0131na uyumlu ve abart\u0131s\u0131z bir \u00e7ekiklik sa\u011flan\u0131r. B\u00f6ylece ki\u015fi hem daha gen\u00e7 hem de daha enerjik bir g\u00f6r\u00fcn\u00fcme kavu\u015fur.<\/p>\n<h2><span class=\"ez-toc-section\" id=\"Neden_Badem_Goz_Estetigine_Ihtiyac_Duyulur\"><\/span>Neden Badem G\u00f6z Esteti\u011fine \u0130htiya\u00e7 Duyulur?<span class=\"ez-toc-section-end\"><\/span><\/h2>\n<p>G\u00f6zler, y\u00fcz ifadesinin en \u00f6nemli unsurlar\u0131ndan biridir. Zamanla g\u00f6z kenar\u0131ndaki dokular\u0131n gev\u015femesi, g\u00f6z kapaklar\u0131n\u0131n sarkmas\u0131 veya yap\u0131sal olarak g\u00f6zlerin d\u00fc\u015f\u00fck g\u00f6r\u00fcnmesi, ki\u015fide s\u00fcrekli yorgun, \u00fczg\u00fcn ya da ya\u015fl\u0131 bir ifade olu\u015fturabilir.<\/p>\n<p>Baz\u0131 ki\u015filerde ise genetik olarak g\u00f6z yap\u0131s\u0131 daha yuvarlak veya d\u00fc\u015f\u00fck a\u00e7\u0131l\u0131d\u0131r. Bu durum, \u00f6zellikle estetik a\u00e7\u0131dan daha \u00e7ekik ve dinamik bir g\u00f6r\u00fcn\u00fcm isteyen ki\u015filer i\u00e7in rahats\u0131z edici olabilir. Badem g\u00f6z esteti\u011fi, g\u00f6zleri daha \u00e7ekik hale getirirken ayn\u0131 zamanda g\u00f6z \u00e7evresindeki yorgun g\u00f6r\u00fcn\u00fcm\u00fc ortadan kald\u0131r\u0131r ve y\u00fcz ifadesine canl\u0131l\u0131k kazand\u0131r\u0131r.<\/p>\n<h2><span class=\"ez-toc-section\" id=\"Badem_Goz_Estetigi_Sonrasi_Yuzde_Nasil_Bir_Gorunum_Olusur\"><\/span>Badem G\u00f6z Esteti\u011fi Sonras\u0131 Y\u00fczde Nas\u0131l Bir G\u00f6r\u00fcn\u00fcm Olu\u015fur?<span class=\"ez-toc-section-end\"><\/span><\/h2>\n<p>Ameliyat sonras\u0131 g\u00f6zlerin d\u0131\u015f k\u00f6\u015fesi yukar\u0131 do\u011fru daha dinamik bir a\u00e7\u0131yla konumlan\u0131r. Bu de\u011fi\u015fim sayesinde ki\u015fi daha gen\u00e7, daha enerjik ve daha dinamik bir y\u00fcz ifadesine sahip olur. G\u00f6zler oldu\u011fundan daha b\u00fcy\u00fck ve daha canl\u0131 g\u00f6r\u00fcn\u00fcrken, ayn\u0131 zamanda g\u00f6z \u00e7evresindeki yorgunluk izleri ve d\u00fc\u015f\u00fck g\u00f6r\u00fcn\u00fcm tamamen ortadan kalkar.<\/p>\n<p>Op. Dr. Yusuf Orhan U\u00e7al\u2019\u0131n uygulad\u0131\u011f\u0131 tekniklerde temel ama\u00e7, g\u00f6z\u00fcn do\u011fal anatomisini korumak ve abart\u0131s\u0131z, y\u00fczdeki di\u011fer yap\u0131larla uyumlu bir sonu\u00e7 elde etmektir. Bu nedenle i\u015flem sonras\u0131nda g\u00f6zler asla yapay ya da fazla \u00e7ekik g\u00f6r\u00fcnmez. Tam aksine, ki\u015finin y\u00fcz\u00fcne en uygun do\u011fal ve estetik formda bir sonu\u00e7 olu\u015fur.<\/p>\n<h2><span class=\"ez-toc-section\" id=\"Badem_Goz_Estetigi_Ameliyatinda_Doktor_Seciminin_Onemi\"><\/span>Badem G\u00f6z Esteti\u011fi Ameliyat\u0131nda Doktor Se\u00e7iminin \u00d6nemi<span class=\"ez-toc-section-end\"><\/span><\/h2>\n<p>G\u00f6z esteti\u011fi, y\u00fczdeki en hassas ve en dikkat \u00e7eken alanlardan biridir. G\u00f6z yap\u0131s\u0131 do\u011fru analiz edilmeden ve do\u011fru teknik uygulanmadan yap\u0131lan m\u00fcdahaleler, y\u00fczde yapay bir g\u00f6r\u00fcn\u00fcm olu\u015fturabilir ve ki\u015finin do\u011fal ifadesini bozabilir.<\/p>\n<p>Bu nedenle badem g\u00f6z esteti\u011finde doktor se\u00e7imi kritik \u00f6neme sahiptir. Op. Dr. Yusuf Orhan U\u00e7al, g\u00f6z \u00e7evresi anatomisini ve y\u00fcz esteti\u011findeki dengeyi \u00e7ok iyi analiz ederek, her hastas\u0131na \u00f6zel bir planlama yapar. Bu yakla\u015f\u0131m sayesinde sonu\u00e7lar do\u011fal, dengeli ve estetik olur.<\/p>\n<h2><span class=\"ez-toc-section\" id=\"Badem_Goz_Estetigi_Hangi_Islemlerle_Kombine_Edilebilir\"><\/span>Badem G\u00f6z Esteti\u011fi Hangi \u0130\u015flemlerle Kombine Edilebilir?<span class=\"ez-toc-section-end\"><\/span><\/h2>\n<p>Badem g\u00f6z ameliyat\u0131, genellikle di\u011fer y\u00fcz gen\u00e7le\u015ftirme veya kontur belirginle\u015ftirme i\u015flemleriyle birlikte planlan\u0131r. En s\u0131k kombinasyon yap\u0131lan ameliyatlardan biri endoskopik ka\u015f kald\u0131rma i\u015flemidir. \u00c7\u00fcnk\u00fc ka\u015flar\u0131n d\u00fc\u015f\u00fckl\u00fc\u011f\u00fc ve g\u00f6z kenar\u0131ndaki sarkmalar genellikle birlikte g\u00f6r\u00fcl\u00fcr ve bu kombine i\u015flem, daha dengeli ve daha gen\u00e7 bir g\u00f6r\u00fcn\u00fcm sa\u011flar.<\/p>\n<p>Ayr\u0131ca g\u00f6z kapa\u011f\u0131 esteti\u011fi (blefaroplasti) ile g\u00f6z \u00e7evresindeki fazla deri ve torbalanmalar giderilirken, badem g\u00f6z esteti\u011fi ile g\u00f6zler daha \u00e7ekik hale getirilir. Bununla birlikte orta y\u00fcz germe, \u00e7ene implant\u0131, <a href=\"https:\/\/www.orhanucal.com\/tr\/gidi-liposuction-ameliyati-fiyat\/\">g\u0131d\u0131 liposuction<\/a> ve y\u00fcze ya\u011f enjeksiyonu i\u015flemleriyle birlikte uyguland\u0131\u011f\u0131nda, t\u00fcm y\u00fcz genelinde daha simetrik, daha gen\u00e7 ve daha estetik bir sonu\u00e7 elde edilir.<\/p>\n<h2><span class=\"ez-toc-section\" id=\"Ameliyat_Oncesi_Planlama_Sureci\"><\/span>Ameliyat \u00d6ncesi Planlama S\u00fcreci<span class=\"ez-toc-section-end\"><\/span><\/h2>\n<p>Badem g\u00f6z ameliyat\u0131 \u00f6ncesinde detayl\u0131 bir g\u00f6z ve y\u00fcz analizi yap\u0131l\u0131r. G\u00f6z yap\u0131s\u0131, g\u00f6z kenar\u0131n\u0131n a\u00e7\u0131s\u0131, g\u00f6z \u00e7evresindeki cilt yap\u0131s\u0131 ve y\u00fcz\u00fcn genel simetrisi de\u011ferlendirilir. Op. Dr. Yusuf Orhan U\u00e7al, hastas\u0131n\u0131n beklentilerini dikkatle dinleyerek, g\u00f6z \u015fekline ve y\u00fcz yap\u0131s\u0131na en uygun a\u00e7\u0131y\u0131 belirler.<\/p>\n<p>Bu planlama s\u00fcreci s\u0131ras\u0131nda, i\u015flem sonras\u0131 nas\u0131l bir g\u00f6r\u00fcn\u00fcm olu\u015faca\u011f\u0131, ne kadar \u00e7ekiklik sa\u011flanaca\u011f\u0131 ve ameliyat\u0131n iyile\u015fme s\u00fcreci hakk\u0131nda t\u00fcm detaylar payla\u015f\u0131l\u0131r. B\u00f6ylece hasta ameliyat \u00f6ncesinde nas\u0131l bir de\u011fi\u015fimle kar\u015f\u0131la\u015faca\u011f\u0131n\u0131 net olarak bilir ve g\u00fcvenle s\u00fcrece haz\u0131rlan\u0131r.<\/p>\n<h3><span class=\"ez-toc-section\" id=\"Badem_Goz_Estetigi_Nasil_Yapilir\"><\/span>Badem G\u00f6z Esteti\u011fi Nas\u0131l Yap\u0131l\u0131r?<span class=\"ez-toc-section-end\"><\/span><\/h3>\n<p>Ameliyat genellikle lokal anestezi ve sedasyon alt\u0131nda ger\u00e7ekle\u015ftirilir ve yakla\u015f\u0131k 45 dakika ile 1 saat aras\u0131nda s\u00fcrer. \u0130\u015flem s\u0131ras\u0131nda g\u00f6z d\u0131\u015f k\u00f6\u015fesi sa\u00e7l\u0131 derinin i\u00e7erisine veya g\u00f6z \u00e7evresindeki do\u011fal k\u0131vr\u0131mlara gizlenen k\u00fc\u00e7\u00fck bir kesi ile yukar\u0131 do\u011fru as\u0131l\u0131r.<\/p>\n<p>Bu i\u015flem s\u0131ras\u0131nda kullan\u0131lan \u00f6zel ask\u0131 teknikleri sayesinde g\u00f6zlerin d\u0131\u015f k\u00f6\u015fesi daha yukar\u0131 ve yana do\u011fru konumland\u0131r\u0131l\u0131r. Bu sayede hem daha dinamik hem de daha \u00e7ekici bir g\u00f6z formu elde edilir. Kesiler \u00e7ok k\u00fc\u00e7\u00fck oldu\u011fu i\u00e7in iyile\u015fme sonras\u0131nda g\u00f6r\u00fcn\u00fcr bir iz kalmaz.<\/p>\n<h3><span class=\"ez-toc-section\" id=\"Badem_Goz_Estetigi_Fiyatlarini_Etkileyen_Faktorler\"><\/span>Badem G\u00f6z Esteti\u011fi Fiyatlar\u0131n\u0131 Etkileyen Fakt\u00f6rler<span class=\"ez-toc-section-end\"><\/span><\/h3>\n<p>Badem g\u00f6z esteti\u011fi fiyatlar\u0131; doktorun tecr\u00fcbesi, kullan\u0131lan teknik, i\u015flemle birlikte yap\u0131lacak di\u011fer ameliyatlar ve hastanenin donan\u0131m\u0131na g\u00f6re de\u011fi\u015fkenlik g\u00f6sterebilir. \u00d6zellikle endoskopik ka\u015f kald\u0131rma, g\u00f6z kapa\u011f\u0131 esteti\u011fi, orta y\u00fcz germe veya y\u00fcze ya\u011f enjeksiyonu gibi i\u015flemlerle kombine edildi\u011finde, fiyatland\u0131rma ki\u015fiye \u00f6zel hale gelir.<\/p>\n<p>Her hastan\u0131n g\u00f6z yap\u0131s\u0131, cilt elastikiyeti ve beklentisi farkl\u0131 oldu\u011fu i\u00e7in fiyat bilgisi ancak detayl\u0131 bir muayene ve planlama sonras\u0131nda netle\u015fir.<\/p>\n<h4><span class=\"ez-toc-section\" id=\"Badem_Goz_Estetigi_Sonrasi_Iyilesme_Sureci\"><\/span>Badem G\u00f6z Esteti\u011fi Sonras\u0131 \u0130yile\u015fme S\u00fcreci<span class=\"ez-toc-section-end\"><\/span><\/h4>\n<p>Ameliyat sonras\u0131 s\u00fcre\u00e7 genellikle h\u0131zl\u0131 ve konforludur. \u0130lk birka\u00e7 g\u00fcn g\u00f6z \u00e7evresinde hafif \u015fi\u015flik, morluk ve gerginlik hissedilebilir. Bu etkiler genellikle bir hafta i\u00e7inde b\u00fcy\u00fck \u00f6l\u00e7\u00fcde azal\u0131r.<\/p>\n<p>Diki\u015fler genellikle 5 ila 7 g\u00fcn i\u00e7inde al\u0131n\u0131r. Ameliyat sonras\u0131 \u00f6zel bantlama veya so\u011fuk kompres uygulamalar\u0131 ile iyile\u015fme s\u00fcreci desteklenir. G\u00f6z \u00e7evresindeki \u015fi\u015flikler tamamen ge\u00e7ti\u011finde, g\u00f6zler daha \u00e7ekik, daha gen\u00e7 ve daha canl\u0131 bir g\u00f6r\u00fcn\u00fcme kavu\u015fur.<\/p>\n<p>Nihai sonu\u00e7lar birka\u00e7 hafta i\u00e7inde netle\u015fir ve g\u00f6zlerin yeni formu do\u011fal yap\u0131ya tamamen adapte olur. Op. Dr. Yusuf Orhan U\u00e7al, ameliyat sonras\u0131 s\u00fcreci yak\u0131ndan takip ederek, hastalar\u0131n\u0131n g\u00fcvenle ve sa\u011fl\u0131kl\u0131 bir \u015fekilde iyile\u015fmesini sa\u011flar.<\/p>\n<p><strong>Badem G\u00f6z Esteti\u011fi Hakk\u0131nda S\u0131k\u00e7a Sorulan Sorular<\/strong><\/p>\n<h4><span class=\"ez-toc-section\" id=\"Badem_goz_estetigi_kalici_midir\"><\/span>Badem g\u00f6z esteti\u011fi kal\u0131c\u0131 m\u0131d\u0131r?<span class=\"ez-toc-section-end\"><\/span><\/h4>\n<p>Evet, badem g\u00f6z esteti\u011fi uzun y\u0131llar kal\u0131c\u0131d\u0131r. Ancak ya\u015flanma s\u00fcreci do\u011fal olarak devam eder ve zamanla dokular\u0131n gev\u015femesi g\u00f6r\u00fclebilir.<\/p>\n<h4><span class=\"ez-toc-section\" id=\"Ameliyat_sonrasi_gozler_yapay_veya_fazla_cekik_gorunur_mu\"><\/span>Ameliyat sonras\u0131 g\u00f6zler yapay veya fazla \u00e7ekik g\u00f6r\u00fcn\u00fcr m\u00fc?<span class=\"ez-toc-section-end\"><\/span><\/h4>\n<p>Hay\u0131r. Op. Dr. Yusuf Orhan U\u00e7al\u2019\u0131n uygulad\u0131\u011f\u0131 do\u011fal tekniklerle g\u00f6zler y\u00fczdeki di\u011fer yap\u0131larla m\u00fckemmel uyum i\u00e7erisinde olur. Ama\u00e7, abart\u0131dan uzak ve do\u011fal bir \u00e7ekiklik sa\u011flamakt\u0131r.<\/p>\n<h4><span class=\"ez-toc-section\" id=\"Iz_kalir_mi\"><\/span>\u0130z kal\u0131r m\u0131?<span class=\"ez-toc-section-end\"><\/span><\/h4>\n<p>Hay\u0131r. Kesiler sa\u00e7l\u0131 deri i\u00e7erisinde veya g\u00f6z \u00e7evresindeki do\u011fal k\u0131vr\u0131mlara gizlendi\u011fi i\u00e7in zamanla g\u00f6r\u00fcnmez hale gelir.<\/p>\n<p><strong>A\u011fr\u0131l\u0131 bir ameliyat m\u0131?<\/strong><\/p>\n<p>A\u011fr\u0131 minimal d\u00fczeydedir. Hafif gerginlik ve hassasiyet ilk birka\u00e7 g\u00fcn g\u00f6r\u00fclebilir ancak basit a\u011fr\u0131 kesicilerle kontrol alt\u0131na al\u0131nabilir.<\/p>\n<p><strong>Bu i\u015flem hangi ameliyatlarla birlikte yap\u0131labilir?<\/strong><\/p>\n<p>S\u0131kl\u0131kla <a href=\"https:\/\/www.orhanucal.com\/tr\/endoskopik-kas-kaldirma-ameliyati-fiyat\/\">endoskopik ka\u015f kald\u0131rma<\/a>, <a href=\"https:\/\/www.orhanucal.com\/tr\/goz-kapagi-estetigi-fiyat\/\">g\u00f6z kapa\u011f\u0131 esteti\u011fi<\/a>, <a href=\"https:\/\/www.orhanucal.com\/tr\/orta-yuz-germe-ameliyati-fiyat\/\">orta y\u00fcz germe<\/a>, <a href=\"https:\/\/www.orhanucal.com\/tr\/cene-implanti-ameliyati\/\">\u00e7ene implant\u0131<\/a> ve <a href=\"https:\/\/www.orhanucal.com\/tr\/yuze-yag-enjeksiyonu-fiyat\/\">y\u00fcze ya\u011f enjeksiyonu<\/a> gibi i\u015flemlerle kombine edilir.<\/p>\n<p>Badem g\u00f6z esteti\u011fi, daha gen\u00e7, daha dinamik ve daha \u00e7ekici bir g\u00f6z yap\u0131s\u0131 isteyenler i\u00e7in son derece etkili ve g\u00fcvenli bir i\u015flemdir. Op. Dr. Yusuf Orhan U\u00e7al\u2019\u0131n uzmanl\u0131\u011f\u0131 ve y\u00fcz esteti\u011findeki b\u00fct\u00fcnc\u00fcl yakla\u015f\u0131m\u0131yla bu i\u015flem, y\u00fcz ifadesine canl\u0131l\u0131k kazand\u0131r\u0131rken, do\u011fal g\u00fczelli\u011finizi \u00f6n plana \u00e7\u0131karan kal\u0131c\u0131 ve estetik sonu\u00e7lar sunar.<\/p>\n<p><iframe loading=\"lazy\" title=\"YouTube video player\" src=\"https:\/\/www.youtube.com\/embed\/yAeaLUiNwo8?si=vudDhtNsKwzcN3Ps\" width=\"100%\" height=\"615\" frameborder=\"0\" allowfullscreen=\"allowfullscreen\" data-mce-fragment=\"1\"><\/iframe><\/p>\n<p><strong>Instagram :\u00a0<a href=\"https:\/\/www.instagram.com\/drorhanucal\/\" target=\"_blank\" rel=\"noopener\">@drorhanucal<\/a><\/strong><\/p>\n","protected":false},"excerpt":{"rendered":"<p>Badem G\u00f6z Esteti\u011fi Nedir? Badem g\u00f6z esteti\u011fi, g\u00f6zlerin daha \u00e7ekik, daha gen\u00e7 ve daha dinamik bir g\u00f6r\u00fcn\u00fcme kavu\u015fmas\u0131n\u0131 sa\u011flayan modern bir estetik cerrahi uygulamas\u0131d\u0131r. Zamanla ya\u015f\u0131n ilerlemesi, yer\u00e7ekimi etkisi ve genetik fakt\u00f6rler g\u00f6z kapaklar\u0131nda d\u00fc\u015fmeye, g\u00f6z kenarlar\u0131nda sarkmalara ve yorgun bir ifadeye yol a\u00e7abilir. Badem g\u00f6z esteti\u011fi sayesinde g\u00f6zler yukar\u0131 do\u011fru konumland\u0131r\u0131l\u0131r ve daha \u00e7ekici, [&hellip;]<\/p>\n","protected":false},"author":1,"featured_media":322,"comment_status":"open","ping_status":"open","sticky":false,"template":"","format":"standard","meta":{"footnotes":""},"categories":[6],"tags":[],"class_list":["post-299","post","type-post","status-publish","format-standard","has-post-thumbnail","hentry","category-yuz-estetigi"],"_links":{"self":[{"href":"https:\/\/www.orhanucal.com\/tr\/wp-json\/wp\/v2\/posts\/299","targetHints":{"allow":["GET"]}}],"collection":[{"href":"https:\/\/www.orhanucal.com\/tr\/wp-json\/wp\/v2\/posts"}],"about":[{"href":"https:\/\/www.orhanucal.com\/tr\/wp-json\/wp\/v2\/types\/post"}],"author":[{"embeddable":true,"href":"https:\/\/www.orhanucal.com\/tr\/wp-json\/wp\/v2\/users\/1"}],"replies":[{"embeddable":true,"href":"https:\/\/www.orhanucal.com\/tr\/wp-json\/wp\/v2\/comments?post=299"}],"version-history":[{"count":7,"href":"https:\/\/www.orhanucal.com\/tr\/wp-json\/wp\/v2\/posts\/299\/revisions"}],"predecessor-version":[{"id":306,"href":"https:\/\/www.orhanucal.com\/tr\/wp-json\/wp\/v2\/posts\/299\/revisions\/306"}],"wp:featuredmedia":[{"embeddable":true,"href":"https:\/\/www.orhanucal.com\/tr\/wp-json\/wp\/v2\/media\/322"}],"wp:attachment":[{"href":"https:\/\/www.orhanucal.com\/tr\/wp-json\/wp\/v2\/media?parent=299"}],"wp:term":[{"taxonomy":"category","embeddable":true,"href":"https:\/\/www.orhanucal.com\/tr\/wp-json\/wp\/v2\/categories?post=299"},{"taxonomy":"post_tag","embeddable":true,"href":"https:\/\/www.orhanucal.com\/tr\/wp-json\/wp\/v2\/tags?post=299"}],"curies":[{"name":"wp","href":"https:\/\/api.w.org\/{rel}","templated":true}]}}