{"id":40,"date":"2025-06-10T18:40:11","date_gmt":"2025-06-10T15:40:11","guid":{"rendered":"https:\/\/www.orhanucal.com\/tr\/?p=40"},"modified":"2025-06-25T20:05:48","modified_gmt":"2025-06-25T17:05:48","slug":"goz-kapagi-estetigi-fiyat","status":"publish","type":"post","link":"https:\/\/www.orhanucal.com\/tr\/goz-kapagi-estetigi-fiyat\/","title":{"rendered":"G\u00f6z Kapa\u011f\u0131 Esteti\u011fi"},"content":{"rendered":"<div id=\"chat-history\" class=\"chat-history-scroll-container\">\n<div id=\"fcae5679c90b6bf3\" class=\"conversation-container message-actions-hover-boundary ng-star-inserted\">\n<div class=\"response-container ng-tns-c2511709710-73 response-container-with-gpi ng-star-inserted response-container-has-multiple-responses\">\n<div class=\"presented-response-container ng-tns-c2511709710-73\">\n<div class=\"response-container-content ng-tns-c2511709710-73 has-thoughts\">\n<div class=\"response-content ng-tns-c2511709710-73\">\n<div id=\"model-response-message-contentr_fcae5679c90b6bf3\" class=\"markdown markdown-main-panel stronger enable-updated-hr-color\" dir=\"ltr\">\n<p>Y\u00fcz\u00fcm\u00fcz, kimli\u011fimizin ve duygular\u0131m\u0131z\u0131n bir yans\u0131mas\u0131d\u0131r. Ancak zaman, yer \u00e7ekimi ve hayat\u0131n getirdi\u011fi stres, bu yans\u0131may\u0131 bazen istemedi\u011fimiz bir \u015fekilde de\u011fi\u015ftirebilir. \u00d6zellikle g\u00f6z \u00e7evresi, cildin en ince ve hassas oldu\u011fu b\u00f6lge oldu\u011fundan, ya\u015flanman\u0131n ilk izlerinin ortaya \u00e7\u0131kt\u0131\u011f\u0131 yerdir. \u00dcst g\u00f6z kapa\u011f\u0131ndaki sarkmalar, alt g\u00f6z kapa\u011f\u0131ndaki torbalanmalar ve olu\u015fan ince \u00e7izgiler, ki\u015fiye istemeden yorgun, \u00fczg\u00fcn veya oldu\u011fundan daha ya\u015fl\u0131 bir ifade katabilir.<\/p>\n<div id=\"ez-toc-container\" class=\"ez-toc-v2_0_82_2 counter-flat ez-toc-counter ez-toc-grey ez-toc-container-direction\">\n<div class=\"ez-toc-title-container\">\n<p class=\"ez-toc-title\" style=\"cursor:inherit\">\u0130\u00e7indekiler<\/p>\n<span class=\"ez-toc-title-toggle\"><a href=\"#\" class=\"ez-toc-pull-right ez-toc-btn ez-toc-btn-xs ez-toc-btn-default ez-toc-toggle\" aria-label=\"\u0130\u00e7indekiler Tablosunu A\u00e7\/Kapat\"><span class=\"ez-toc-js-icon-con\"><span class=\"\"><span class=\"eztoc-hide\" style=\"display:none;\">Toggle<\/span><span class=\"ez-toc-icon-toggle-span\"><svg style=\"fill: #999;color:#999\" xmlns=\"http:\/\/www.w3.org\/2000\/svg\" class=\"list-377408\" width=\"20px\" height=\"20px\" viewBox=\"0 0 24 24\" fill=\"none\"><path d=\"M6 6H4v2h2V6zm14 0H8v2h12V6zM4 11h2v2H4v-2zm16 0H8v2h12v-2zM4 16h2v2H4v-2zm16 0H8v2h12v-2z\" fill=\"currentColor\"><\/path><\/svg><svg style=\"fill: #999;color:#999\" class=\"arrow-unsorted-368013\" xmlns=\"http:\/\/www.w3.org\/2000\/svg\" width=\"10px\" height=\"10px\" viewBox=\"0 0 24 24\" version=\"1.2\" baseProfile=\"tiny\"><path d=\"M18.2 9.3l-6.2-6.3-6.2 6.3c-.2.2-.3.4-.3.7s.1.5.3.7c.2.2.4.3.7.3h11c.3 0 .5-.1.7-.3.2-.2.3-.5.3-.7s-.1-.5-.3-.7zM5.8 14.7l6.2 6.3 6.2-6.3c.2-.2.3-.5.3-.7s-.1-.5-.3-.7c-.2-.2-.4-.3-.7-.3h-11c-.3 0-.5.1-.7.3-.2.2-.3.5-.3.7s.1.5.3.7z\"\/><\/svg><\/span><\/span><\/span><\/a><\/span><\/div>\n<nav><ul class='ez-toc-list ez-toc-list-level-1 eztoc-toggle-hide-by-default' ><li class='ez-toc-page-1'><a class=\"ez-toc-link ez-toc-heading-1\" href=\"https:\/\/www.orhanucal.com\/tr\/goz-kapagi-estetigi-fiyat\/#Goz_Kapagi_Estetigi_Nedir_ve_Neden_Tercih_Edilir\" >G\u00f6z Kapa\u011f\u0131 Esteti\u011fi Nedir ve Neden Tercih Edilir?<\/a><\/li><li class='ez-toc-page-1'><a class=\"ez-toc-link ez-toc-heading-2\" href=\"https:\/\/www.orhanucal.com\/tr\/goz-kapagi-estetigi-fiyat\/#Yaslanmanin_Goz_Cevresindeki_Etkileri\" >Ya\u015flanman\u0131n G\u00f6z \u00c7evresindeki Etkileri<\/a><\/li><li class='ez-toc-page-1'><a class=\"ez-toc-link ez-toc-heading-3\" href=\"https:\/\/www.orhanucal.com\/tr\/goz-kapagi-estetigi-fiyat\/#Goz_Kapagi_Estetigi_Icin_Ideal_Aday_Kimdir\" >G\u00f6z Kapa\u011f\u0131 Esteti\u011fi \u0130\u00e7in \u0130deal Aday Kimdir?<\/a><\/li><li class='ez-toc-page-1'><a class=\"ez-toc-link ez-toc-heading-4\" href=\"https:\/\/www.orhanucal.com\/tr\/goz-kapagi-estetigi-fiyat\/#Ust_ve_Alt_Goz_Kapagi_Ameliyatlari_Teknikleri_Nelerdir\" >\u00dcst ve Alt G\u00f6z Kapa\u011f\u0131 Ameliyatlar\u0131: Teknikleri Nelerdir?<\/a><\/li><li class='ez-toc-page-1'><a class=\"ez-toc-link ez-toc-heading-5\" href=\"https:\/\/www.orhanucal.com\/tr\/goz-kapagi-estetigi-fiyat\/#Ameliyat_Sureci_Hazirlik_Operasyon\" >Ameliyat S\u00fcreci: Haz\u0131rl\u0131k, Operasyon<\/a><\/li><li class='ez-toc-page-1'><a class=\"ez-toc-link ez-toc-heading-6\" href=\"https:\/\/www.orhanucal.com\/tr\/goz-kapagi-estetigi-fiyat\/#Iyilesme_Donemi\" >\u0130yile\u015fme D\u00f6nemi<\/a><\/li><li class='ez-toc-page-1'><a class=\"ez-toc-link ez-toc-heading-7\" href=\"https:\/\/www.orhanucal.com\/tr\/goz-kapagi-estetigi-fiyat\/#Goz_Kapagi_Estetigi_Fiyatlari_2025\" >G\u00f6z Kapa\u011f\u0131 Esteti\u011fi Fiyatlar\u0131 2025<\/a><\/li><li class='ez-toc-page-1'><a class=\"ez-toc-link ez-toc-heading-8\" href=\"https:\/\/www.orhanucal.com\/tr\/goz-kapagi-estetigi-fiyat\/#Goz_kapagi_estetigi_ameliyati_agrili_bir_islem_midir\" >G\u00f6z kapa\u011f\u0131 esteti\u011fi ameliyat\u0131 a\u011fr\u0131l\u0131 bir i\u015flem midir?<\/a><\/li><li class='ez-toc-page-1'><a class=\"ez-toc-link ez-toc-heading-9\" href=\"https:\/\/www.orhanucal.com\/tr\/goz-kapagi-estetigi-fiyat\/#Ameliyat_sonrasi_belirgin_bir_iz_kalir_mi\" >Ameliyat sonras\u0131 belirgin bir iz kal\u0131r m\u0131?<\/a><\/li><li class='ez-toc-page-1'><a class=\"ez-toc-link ez-toc-heading-10\" href=\"https:\/\/www.orhanucal.com\/tr\/goz-kapagi-estetigi-fiyat\/#Ameliyattan_sonra_normal_hayata_ne_zaman_donebilirim\" >Ameliyattan sonra normal hayata ne zaman d\u00f6nebilirim?<\/a><\/li><li class='ez-toc-page-1'><a class=\"ez-toc-link ez-toc-heading-11\" href=\"https:\/\/www.orhanucal.com\/tr\/goz-kapagi-estetigi-fiyat\/#Goz_kapagi_estetiginin_sonuclari_kalici_midir\" >G\u00f6z kapa\u011f\u0131 esteti\u011finin sonu\u00e7lar\u0131 kal\u0131c\u0131 m\u0131d\u0131r?<\/a><\/li><\/ul><\/nav><\/div>\n<h2><span class=\"ez-toc-section\" id=\"Goz_Kapagi_Estetigi_Nedir_ve_Neden_Tercih_Edilir\"><\/span>G\u00f6z Kapa\u011f\u0131 Esteti\u011fi Nedir ve Neden Tercih Edilir?<span class=\"ez-toc-section-end\"><\/span><\/h2>\n<p>G\u00f6z kapa\u011f\u0131 esteti\u011fi (blefaroplasti), temel olarak alt ve \u00fcst g\u00f6z kapaklar\u0131ndaki fazla deri, kas ve ya\u011f dokusunun cerrahi olarak \u00e7\u0131kar\u0131lmas\u0131 veya yeniden konumland\u0131r\u0131lmas\u0131 i\u015flemidir. Bu prosed\u00fcr\u00fcn amac\u0131, g\u00f6z \u00e7evresine daha s\u0131k\u0131, p\u00fcr\u00fczs\u00fcz ve gen\u00e7 bir g\u00f6r\u00fcn\u00fcm kazand\u0131rmakt\u0131r.<\/p>\n<p>\u0130nsanlar bu operasyonu iki ana nedenle tercih eder: estetik ve fonksiyonel. Estetik olarak, sarkm\u0131\u015f \u00fcst kapaklar ve torbalanm\u0131\u015f g\u00f6z altlar\u0131 ki\u015fiyi dinlenmi\u015f oldu\u011fu zamanlarda bile yorgun g\u00f6sterir. Bu durum sosyal hayatta ve i\u015f ya\u015fam\u0131nda yanl\u0131\u015f bir izlenim b\u0131rakabilir. Operasyon sonras\u0131 elde edilen din\u00e7 ve canl\u0131 g\u00f6r\u00fcn\u00fcm, ki\u015finin kendine olan g\u00fcvenini art\u0131r\u0131r. Fonksiyonel olarak ise, \u00fcst g\u00f6z kapa\u011f\u0131ndaki deri sarkmas\u0131 ileri seviyelere ula\u015ft\u0131\u011f\u0131nda, g\u00f6z\u00fcn \u00fczerine y\u0131\u011f\u0131larak ki\u015finin g\u00f6rme alan\u0131n\u0131 daraltabilir. Bu durumda blefaroplasti, sadece bir g\u00fczellik operasyonu olmaktan \u00e7\u0131kar ve ki\u015finin ya\u015fam kalitesini art\u0131ran t\u0131bbi bir gereklilik haline gelir.<\/p>\n<h2 class=\"text-xl font-bold text-text-100 mt-1 -mb-0.5\"><span class=\"ez-toc-section\" id=\"Yaslanmanin_Goz_Cevresindeki_Etkileri\"><\/span>Ya\u015flanman\u0131n G\u00f6z \u00c7evresindeki Etkileri<span class=\"ez-toc-section-end\"><\/span><\/h2>\n<p class=\"whitespace-normal break-words\">G\u00f6z \u00e7evresi, y\u00fcz\u00fcm\u00fcz\u00fcn en hassas b\u00f6lgelerinden biridir ve ya\u015flanman\u0131n ilk belirtilerini burada g\u00f6r\u00fcr\u00fcz. Bunun nedeni bu b\u00f6lgedeki cildin olduk\u00e7a ince olmas\u0131 ve s\u00fcrekli hareket halinde bulunmas\u0131d\u0131r. Ya\u015fla birlikte kollajen ve elastin \u00fcretimi azal\u0131r, b\u00f6ylece cilt elastikiyetini kaybeder. Ayn\u0131 zamanda yer \u00e7ekiminin etkisiyle dokular a\u015fa\u011f\u0131ya do\u011fru sarkma e\u011filimi g\u00f6sterir.<\/p>\n<p class=\"whitespace-normal break-words\">Genetik fakt\u00f6rler ya\u015flanma h\u0131z\u0131n\u0131 \u00f6nemli \u00f6l\u00e7\u00fcde etkiler. Baz\u0131 ki\u015filerde erken ya\u015fta g\u00f6z kapa\u011f\u0131 problemleri g\u00f6r\u00fcl\u00fcrken, di\u011ferlerinde bu sorunlar daha ge\u00e7 ortaya \u00e7\u0131kar. \u00d6te yandan g\u00fcne\u015f \u0131\u015f\u0131nlar\u0131na maruz kalma, sigara kullan\u0131m\u0131, stres ve yetersiz uyku gibi fakt\u00f6rler de ya\u015flanma s\u00fcrecini h\u0131zland\u0131r\u0131r. Ayr\u0131ca g\u00f6z k\u0131rpma hareketlerinin g\u00fcnde binlerce kez tekrarlanmas\u0131, g\u00f6z \u00e7evresindeki kaslar\u0131n yorulmas\u0131na ve zamanla gev\u015femesine neden olur.<\/p>\n<p class=\"whitespace-normal break-words\">Bu s\u00fcre\u00e7te meydana gelen de\u011fi\u015fiklikler \u015funlard\u0131r:<\/p>\n<ul class=\"[&amp;:not(:last-child)_ul]:pb-1 [&amp;:not(:last-child)_ol]:pb-1 list-disc space-y-1.5 pl-7\">\n<li class=\"whitespace-normal break-words\">\u00dcst g\u00f6z kapa\u011f\u0131nda deri fazlal\u0131\u011f\u0131 ve sarkma<\/li>\n<li class=\"whitespace-normal break-words\">Alt g\u00f6z kapa\u011f\u0131nda torbalanma ve \u00e7\u00f6k\u00fcnt\u00fcler<\/li>\n<li class=\"whitespace-normal break-words\">G\u00f6z kenarlar\u0131nda kaz aya\u011f\u0131 \u00e7izgileri<\/li>\n<li class=\"whitespace-normal break-words\">G\u00f6z alt\u0131nda renk de\u011fi\u015fimi ve morarmalar<\/li>\n<li class=\"whitespace-normal break-words\">Genel olarak yorgun ve ya\u015fl\u0131 bir y\u00fcz ifadesi<\/li>\n<\/ul>\n<p class=\"whitespace-normal break-words\">Bu belirtiler sadece estetik kayg\u0131 yaratmaz, ayn\u0131 zamanda ki\u015finin \u00f6zg\u00fcvenini de olumsuz etkiler. Dahas\u0131, \u00fcst g\u00f6z kapa\u011f\u0131ndaki a\u015f\u0131r\u0131 sarkma g\u00f6rme alan\u0131n\u0131 k\u0131s\u0131tlayarak g\u00fcnl\u00fck ya\u015fam kalitesini d\u00fc\u015f\u00fcrebilir.<\/p>\n<h2><span class=\"ez-toc-section\" id=\"Goz_Kapagi_Estetigi_Icin_Ideal_Aday_Kimdir\"><\/span>G\u00f6z Kapa\u011f\u0131 Esteti\u011fi \u0130\u00e7in \u0130deal Aday Kimdir?<span class=\"ez-toc-section-end\"><\/span><\/h2>\n<p>G\u00f6z kapa\u011f\u0131 esteti\u011fi i\u00e7in uygun bir aday olup olmad\u0131\u011f\u0131n\u0131z, birka\u00e7 fakt\u00f6re ba\u011fl\u0131d\u0131r. Genellikle 35 ya\u015f\u0131n\u0131 ge\u00e7mi\u015f, g\u00f6z kapaklar\u0131nda belirgin sarkma ve torbalanma ba\u015flam\u0131\u015f ki\u015filer en yayg\u0131n grubu olu\u015fturur. Ancak genetik yatk\u0131nl\u0131k nedeniyle daha erken ya\u015flarda bu sorunlar\u0131 ya\u015fayan bireyler de ideal adaylar olabilir.<\/p>\n<p>Adaylarda aranan en \u00f6nemli \u00f6zellik, genel sa\u011fl\u0131k durumunun iyi olmas\u0131d\u0131r. Kontrols\u00fcz diyabet, y\u00fcksek tansiyon gibi kronik rahats\u0131zl\u0131klar\u0131 olanlar\u0131n \u00f6ncelikle bu durumlar\u0131n\u0131 kontrol alt\u0131na almalar\u0131 gerekir. Ayr\u0131ca, glokom (g\u00f6z tansiyonu), kronik g\u00f6z kurulu\u011fu gibi aktif g\u00f6z hastal\u0131klar\u0131 olanlar i\u00e7in bu operasyon riskli olabilir. Bu nedenle operasyon \u00f6ncesi detayl\u0131 bir g\u00f6z muayenesi \u015fartt\u0131r. En \u00f6nemlisi, aday\u0131n <strong>ger\u00e7ek\u00e7i beklentiler<\/strong> i\u00e7inde olmas\u0131d\u0131r. Bu ameliyat zaman\u0131 geri alsa da ya\u015flanmay\u0131 tamamen durdurmaz. Cerrah\u0131n\u0131zla yapaca\u011f\u0131n\u0131z a\u00e7\u0131k bir diyalog, sonu\u00e7lar\u0131n ne olabilece\u011fi konusunda net bir fikir edinmenizi sa\u011flar.<\/p>\n<h2><span class=\"ez-toc-section\" id=\"Ust_ve_Alt_Goz_Kapagi_Ameliyatlari_Teknikleri_Nelerdir\"><\/span>\u00dcst ve Alt G\u00f6z Kapa\u011f\u0131 Ameliyatlar\u0131: Teknikleri Nelerdir?<span class=\"ez-toc-section-end\"><\/span><\/h2>\n<p>Blefaroplasti, ihtiyaca g\u00f6re sadece \u00fcst g\u00f6z kapaklar\u0131na, sadece alt g\u00f6z kapaklar\u0131na veya her ikisine birden ayn\u0131 anda uygulanabilir. Her iki b\u00f6lge i\u00e7in uygulanan teknikler farkl\u0131l\u0131k g\u00f6sterir.<\/p>\n<p><strong>\u00dcst G\u00f6z Kapa\u011f\u0131 Esteti\u011fi:<\/strong> Bu i\u015flemde cerrah, kesiyi g\u00f6z kapa\u011f\u0131n\u0131n do\u011fal katlanma \u00e7izgisi \u00fczerine yapar. Bu stratejik konumland\u0131rma sayesinde, iyile\u015fme tamamland\u0131\u011f\u0131nda iz neredeyse tamamen gizlenir. Kesi yoluyla fazla deri, alttaki ince bir kas \u015feridi ve gerekliyse f\u0131t\u0131kla\u015fm\u0131\u015f ya\u011f dokusu \u00e7\u0131kar\u0131l\u0131r. Ard\u0131ndan cilt, estetik diki\u015flerle kapat\u0131l\u0131r. \u0130\u015flem, bak\u0131\u015flardaki a\u011f\u0131rl\u0131\u011f\u0131 kald\u0131rarak daha a\u00e7\u0131k ve enerjik bir g\u00f6z ifadesi yarat\u0131r.<\/p>\n<p><strong>Alt G\u00f6z Kapa\u011f\u0131 Esteti\u011fi:<\/strong> Alt kapak operasyonu biraz daha karma\u015f\u0131k olabilir. Kesi genellikle kirpiklerin hemen alt\u0131ndan yap\u0131l\u0131r. Buradan girilerek g\u00f6z alt\u0131 torbalar\u0131na neden olan ya\u011f yast\u0131k\u00e7\u0131klar\u0131 al\u0131n\u0131r veya g\u00f6z alt\u0131 \u00e7ukurunu doldurmak i\u00e7in yeniden \u015fekillendirilir. Baz\u0131 durumlarda, \u00f6zellikle cilt fazlas\u0131 olmayan gen\u00e7 hastalarda, kesi g\u00f6z kapa\u011f\u0131n\u0131n i\u00e7 (pembe) k\u0131sm\u0131ndan (transkonjonktival) yap\u0131larak d\u0131\u015far\u0131da hi\u00e7 iz b\u0131rak\u0131lmaz. Bu teknikle sadece ya\u011f torbalar\u0131na m\u00fcdahale edilir.<\/p>\n<h2><span class=\"ez-toc-section\" id=\"Ameliyat_Sureci_Hazirlik_Operasyon\"><\/span>Ameliyat S\u00fcreci: Haz\u0131rl\u0131k, Operasyon<span class=\"ez-toc-section-end\"><\/span><\/h2>\n<p>G\u00f6z kapa\u011f\u0131 esteti\u011fi yolculu\u011fu, cerrah\u0131n\u0131zla yapaca\u011f\u0131n\u0131z ilk g\u00f6r\u00fc\u015fme ile ba\u015flar. Bu a\u015famada sa\u011fl\u0131k ge\u00e7mi\u015finiz de\u011ferlendirilir, beklentileriniz dinlenir ve operasyon plan\u0131 <strong>ki\u015fiye \u00f6zel<\/strong> olarak olu\u015fturulur. Ameliyattan en az iki hafta \u00f6nce kan suland\u0131r\u0131c\u0131 ila\u00e7lar (aspirin gibi), vitaminler (E vitamini gibi) ve bitkisel takviyeler b\u0131rak\u0131lmal\u0131d\u0131r. Sigara kullan\u0131m\u0131 yara iyile\u015fmesini ciddi \u015fekilde bozdu\u011fu i\u00e7in, operasyondan en az 3-4 hafta \u00f6nce b\u0131rak\u0131lmas\u0131 kritik \u00f6neme sahiptir.<\/p>\n<p>Operasyon g\u00fcn\u00fc geldi\u011finde, i\u015flem genellikle lokal anestezi ve sakinle\u015ftirici (sedasyon) e\u015fli\u011finde yap\u0131l\u0131r. Bu sayede hasta uyan\u0131k olur ancak tamamen rahatlam\u0131\u015f ve ac\u0131s\u0131z bir s\u00fcre\u00e7 ge\u00e7irir. Operasyonun kapsam\u0131na g\u00f6re i\u015flem 1 ila 2.5 saat aras\u0131nda s\u00fcrer. Ameliyat bitti\u011finde, g\u00f6z kapaklar\u0131na ince bantlar yap\u0131\u015ft\u0131r\u0131l\u0131r ve hasta bir s\u00fcre dinlenme odas\u0131nda g\u00f6zlemlendikten sonra genellikle ayn\u0131 g\u00fcn taburcu edilir.<\/p>\n<h3><span class=\"ez-toc-section\" id=\"Iyilesme_Donemi\"><\/span>\u0130yile\u015fme D\u00f6nemi<span class=\"ez-toc-section-end\"><\/span><\/h3>\n<p>Ba\u015far\u0131l\u0131 bir operasyonun en \u00f6nemli tamamlay\u0131c\u0131s\u0131, do\u011fru bir <strong>iyile\u015fme s\u00fcreci<\/strong> y\u00f6netimidir. \u0130lk 48 saat, \u015fi\u015flik ve morluklar\u0131n en aza indirilmesi i\u00e7in kritik d\u00f6nemdir. Bu s\u00fcrede d\u00fczenli olarak (saatte 15 dakika) so\u011fuk kompres uygulamak ve yatarken ba\u015f\u0131 birka\u00e7 yast\u0131kla y\u00fcksekte tutmak \u00e7ok yard\u0131mc\u0131 olur.<\/p>\n<ul>\n<li><strong>\u0130lk Hafta:<\/strong> G\u00f6zlerde hafif bir yanma, batma ve sulanma hissedilebilir. Doktorunuzun verdi\u011fi damla ve merhemleri d\u00fczenli kullanmak enfeksiyon riskini \u00f6nler. Diki\u015fler genellikle 5 ila 7 g\u00fcn sonra al\u0131n\u0131r. Bu s\u00fcrenin sonunda \u00e7o\u011fu insan kendini sosyal hayata d\u00f6necek kadar iyi hisseder.<\/li>\n<li><strong>\u0130kinci ve D\u00f6rd\u00fcnc\u00fc Haftalar:<\/strong> \u015ei\u015flik ve morluklar\u0131n b\u00fcy\u00fck bir k\u0131sm\u0131 geriler. G\u00f6z \u00e7evresi yava\u015f yava\u015f normal g\u00f6r\u00fcn\u00fcm\u00fcne kavu\u015fur. Bu d\u00f6nemde a\u011f\u0131r egzersizlerden ve g\u00f6zleri yoracak aktivitelerden ka\u00e7\u0131nmak \u00f6nemlidir. D\u0131\u015far\u0131 \u00e7\u0131karken g\u00fcne\u015f g\u00f6zl\u00fc\u011f\u00fc kullanmak hem UV \u0131\u015f\u0131nlar\u0131ndan hem de r\u00fczgar gibi d\u0131\u015f etkenlerden koruma sa\u011flar.<\/li>\n<li><strong>Bir Ay Sonras\u0131:<\/strong> Sonu\u00e7lar b\u00fcy\u00fck \u00f6l\u00e7\u00fcde ortaya \u00e7\u0131km\u0131\u015f olur. Ancak nihai \u015feklin ve izlerin tamamen solgunla\u015fmas\u0131n\u0131n birka\u00e7 ay s\u00fcrebilece\u011fi unutulmamal\u0131d\u0131r.<\/li>\n<\/ul>\n<h3><span class=\"ez-toc-section\" id=\"Goz_Kapagi_Estetigi_Fiyatlari_2025\"><\/span>G\u00f6z Kapa\u011f\u0131 Esteti\u011fi Fiyatlar\u0131 2025<span class=\"ez-toc-section-end\"><\/span><\/h3>\n<p>G\u00f6z kapa\u011f\u0131 esteti\u011fi fiyatlar\u0131 hakk\u0131nda net bir rakam vermek, bir\u00e7ok de\u011fi\u015fken fakt\u00f6r nedeniyle m\u00fcmk\u00fcn ve do\u011fru de\u011fildir. Maliyet, adeta bir terzinin ki\u015fiye \u00f6zel tak\u0131m elbise dikmesi gibi, hastan\u0131n ihtiya\u00e7lar\u0131na ve operasyonun detaylar\u0131na g\u00f6re \u015fekillenir. Fiyatlar\u0131 etkileyen ba\u015fl\u0131ca unsurlar \u015funlard\u0131r:<\/p>\n<ul>\n<li><strong>Cerrah\u0131n Deneyimi ve Klini\u011fin Konumu:<\/strong> Alan\u0131nda tan\u0131nm\u0131\u015f, tecr\u00fcbeli bir cerrah\u0131n \u00fccreti, kariyerinin ba\u015f\u0131ndaki bir hekime g\u00f6re daha y\u00fcksek olabilir. Benzer \u015fekilde, operasyonun yap\u0131ld\u0131\u011f\u0131 \u015fehrin ve klini\u011fin konumu da maliyetleri etkiler.<\/li>\n<li><strong>Ameliyat\u0131n Kapsam\u0131:<\/strong> Sadece \u00fcst kapak, sadece alt kapak veya her ikisinin (kombine) yap\u0131lmas\u0131 fiyat\u0131 do\u011frudan de\u011fi\u015ftirir. Kombine ameliyatlar, tek tek yap\u0131lmalar\u0131na g\u00f6re genellikle daha avantajl\u0131 olur.<\/li>\n<li><strong>Anestezi T\u00fcr\u00fc:<\/strong> Sadece lokal anestezi ile genel anestezi aras\u0131nda maliyet fark\u0131 bulunmaktad\u0131r.<\/li>\n<li><strong>Hastane Se\u00e7imi:<\/strong> Ameliyat\u0131n yap\u0131ld\u0131\u011f\u0131 hastanenin sundu\u011fu olanaklar, teknolojik altyap\u0131s\u0131 ve hizmet kalitesi de fiyat \u00fczerinde belirleyici bir rol oynar.<\/li>\n<li><strong>Ek Prosed\u00fcrler:<\/strong> G\u00f6z kapa\u011f\u0131 esteti\u011fi ile birlikte ka\u015f kald\u0131rma, orta y\u00fcz germe veya ya\u011f enjeksiyonu gibi ek i\u015flemlerin yap\u0131lmas\u0131 toplam maliyeti art\u0131racakt\u0131r.<\/li>\n<\/ul>\n<h3><span class=\"ez-toc-section\" id=\"Goz_kapagi_estetigi_ameliyati_agrili_bir_islem_midir\"><\/span>G\u00f6z kapa\u011f\u0131 esteti\u011fi ameliyat\u0131 a\u011fr\u0131l\u0131 bir i\u015flem midir?<span class=\"ez-toc-section-end\"><\/span><\/h3>\n<p>Hay\u0131r. Ameliyat lokal anestezi alt\u0131nda yap\u0131ld\u0131\u011f\u0131 i\u00e7in i\u015flem s\u0131ras\u0131nda herhangi bir a\u011fr\u0131 veya ac\u0131 hissedilmez. Ameliyat sonras\u0131 ilk birka\u00e7 g\u00fcn olu\u015fabilecek hafif s\u0131zlama ve gerginlik hissi, doktorunuzun \u00f6nerece\u011fi basit a\u011fr\u0131 kesicilerle kolayca kontrol alt\u0131na al\u0131nabilir.<\/p>\n<h3><span class=\"ez-toc-section\" id=\"Ameliyat_sonrasi_belirgin_bir_iz_kalir_mi\"><\/span>Ameliyat sonras\u0131 belirgin bir iz kal\u0131r m\u0131?<span class=\"ez-toc-section-end\"><\/span><\/h3>\n<p>Profesyonel bir cerrah taraf\u0131ndan yap\u0131ld\u0131\u011f\u0131nda izler minimum d\u00fczeydedir. Kesiler, \u00fcst g\u00f6z kapa\u011f\u0131nda do\u011fal k\u0131vr\u0131m yerine, alt kapakta ise kirpik dibine gizlenir. Bu izler ba\u015flang\u0131\u00e7ta pembe renkte olsa da aylar i\u00e7inde ten rengine d\u00f6nerek neredeyse fark edilmez hale gelir.<\/p>\n<h3><span class=\"ez-toc-section\" id=\"Ameliyattan_sonra_normal_hayata_ne_zaman_donebilirim\"><\/span>Ameliyattan sonra normal hayata ne zaman d\u00f6nebilirim?<span class=\"ez-toc-section-end\"><\/span><\/h3>\n<p>\u0130yile\u015fme s\u00fcreci ki\u015fiden ki\u015fiye de\u011fi\u015fmekle birlikte, hastalar\u0131n \u00e7o\u011fu 5-7 g\u00fcn sonra diki\u015fleri al\u0131nd\u0131ktan sonra g\u00fcnl\u00fck rutinlerine ve i\u015f hayatlar\u0131na d\u00f6nebilir. \u015ei\u015flik ve morluklar\u0131n tamamen ge\u00e7mesi ve g\u00f6z \u00e7evresinin son halini almas\u0131 birka\u00e7 hafta s\u00fcrebilir.<\/p>\n<h3><span class=\"ez-toc-section\" id=\"Goz_kapagi_estetiginin_sonuclari_kalici_midir\"><\/span>G\u00f6z kapa\u011f\u0131 esteti\u011finin sonu\u00e7lar\u0131 kal\u0131c\u0131 m\u0131d\u0131r?<span class=\"ez-toc-section-end\"><\/span><\/h3>\n<p>G\u00f6z kapa\u011f\u0131 esteti\u011fi, ya\u015flanma s\u00fcrecini durdurmaz ancak saati \u00f6nemli \u00f6l\u00e7\u00fcde geri al\u0131r. Operasyonun sonu\u00e7lar\u0131 uzun y\u0131llar, genellikle 7 ila 10 y\u0131l boyunca kal\u0131c\u0131l\u0131\u011f\u0131n\u0131 korur. Sa\u011fl\u0131kl\u0131 bir ya\u015fam tarz\u0131 ve iyi bir cilt bak\u0131m\u0131 ile bu s\u00fcreyi daha da uzatmak m\u00fcmk\u00fcnd\u00fcr.<\/p>\n<p>&nbsp;<\/p>\n<\/div>\n<\/div>\n<\/div>\n<\/div>\n<\/div>\n<\/div>\n<\/div>\n","protected":false},"excerpt":{"rendered":"<p>Y\u00fcz\u00fcm\u00fcz, kimli\u011fimizin ve duygular\u0131m\u0131z\u0131n bir yans\u0131mas\u0131d\u0131r. Ancak zaman, yer \u00e7ekimi ve hayat\u0131n getirdi\u011fi stres, bu yans\u0131may\u0131 bazen istemedi\u011fimiz bir \u015fekilde de\u011fi\u015ftirebilir. \u00d6zellikle g\u00f6z \u00e7evresi, cildin en ince ve hassas oldu\u011fu b\u00f6lge oldu\u011fundan, ya\u015flanman\u0131n ilk izlerinin ortaya \u00e7\u0131kt\u0131\u011f\u0131 yerdir. \u00dcst g\u00f6z kapa\u011f\u0131ndaki sarkmalar, alt g\u00f6z kapa\u011f\u0131ndaki torbalanmalar ve olu\u015fan ince \u00e7izgiler, ki\u015fiye istemeden yorgun, \u00fczg\u00fcn veya [&hellip;]<\/p>\n","protected":false},"author":1,"featured_media":194,"comment_status":"open","ping_status":"open","sticky":false,"template":"","format":"standard","meta":{"footnotes":""},"categories":[6],"tags":[],"class_list":["post-40","post","type-post","status-publish","format-standard","has-post-thumbnail","hentry","category-yuz-estetigi"],"_links":{"self":[{"href":"https:\/\/www.orhanucal.com\/tr\/wp-json\/wp\/v2\/posts\/40","targetHints":{"allow":["GET"]}}],"collection":[{"href":"https:\/\/www.orhanucal.com\/tr\/wp-json\/wp\/v2\/posts"}],"about":[{"href":"https:\/\/www.orhanucal.com\/tr\/wp-json\/wp\/v2\/types\/post"}],"author":[{"embeddable":true,"href":"https:\/\/www.orhanucal.com\/tr\/wp-json\/wp\/v2\/users\/1"}],"replies":[{"embeddable":true,"href":"https:\/\/www.orhanucal.com\/tr\/wp-json\/wp\/v2\/comments?post=40"}],"version-history":[{"count":1,"href":"https:\/\/www.orhanucal.com\/tr\/wp-json\/wp\/v2\/posts\/40\/revisions"}],"predecessor-version":[{"id":41,"href":"https:\/\/www.orhanucal.com\/tr\/wp-json\/wp\/v2\/posts\/40\/revisions\/41"}],"wp:featuredmedia":[{"embeddable":true,"href":"https:\/\/www.orhanucal.com\/tr\/wp-json\/wp\/v2\/media\/194"}],"wp:attachment":[{"href":"https:\/\/www.orhanucal.com\/tr\/wp-json\/wp\/v2\/media?parent=40"}],"wp:term":[{"taxonomy":"category","embeddable":true,"href":"https:\/\/www.orhanucal.com\/tr\/wp-json\/wp\/v2\/categories?post=40"},{"taxonomy":"post_tag","embeddable":true,"href":"https:\/\/www.orhanucal.com\/tr\/wp-json\/wp\/v2\/tags?post=40"}],"curies":[{"name":"wp","href":"https:\/\/api.w.org\/{rel}","templated":true}]}}